{"id":27845,"date":"2017-08-03T12:46:48","date_gmt":"2017-08-03T14:46:48","guid":{"rendered":"http:\/\/www2.comunitaria.com.br\/?p=27845"},"modified":"2017-08-03T13:45:30","modified_gmt":"2017-08-03T15:45:30","slug":"no-dia-de-seu-aniversario-uniaofw-divulga-relatorio-financeiro","status":"publish","type":"post","link":"https:\/\/www2.comunitaria.com.br\/en\/no-dia-de-seu-aniversario-uniaofw-divulga-relatorio-financeiro\/","title":{"rendered":"No dia de seu anivers\u00e1rio, Uni\u00e3o\/FW divulga relat\u00f3rio financeiro"},"content":{"rendered":"<p style=\"text-align: justify;\">No dia 3 de agosto de 2010 nascia o Uni\u00e3o Frederiquense de Futebol, que hoje completa 7 anos, e na manh\u00e3 desta quinta-feira, a diretoria do clube se encontrou com a imprensa para conversar e responder sobre v\u00e1rios assuntos.<\/p>\n<p>O presidente Edson Cantarelli falou sobre o anivers\u00e1rio do clube e o momento atual da entidade:<\/p>\n<audio class=\"wp-audio-shortcode\" id=\"audio-27845-1\" preload=\"none\" style=\"width: 100%;\" controls=\"controls\"><source type=\"audio\/mpeg\" src=\"http:\/\/www2.comunitaria.com.br\/wp-content\/uploads\/2017\/08\/PRESIDENTE-1.mp3?_=1\" \/><a href=\"http:\/\/www2.comunitaria.com.br\/wp-content\/uploads\/2017\/08\/PRESIDENTE-1.mp3\">http:\/\/www2.comunitaria.com.br\/wp-content\/uploads\/2017\/08\/PRESIDENTE-1.mp3<\/a><\/audio>\n<p style=\"text-align: justify;\">Primeiramente, a diretoria explanou sobre o balan\u00e7o financeiro da divis\u00e3o de acesso. Ao todo, o Uni\u00e3o teve&nbsp; um total de despesas &nbsp;de aproximadamente 562 mil reais, n\u00famero maior do que as receitas obtidas, que somaram 498 mil reais.<\/p>\n<p>Confira o relat\u00f3rio completo:<\/p>\n<p><a href=\"http:\/\/www2.comunitaria.com.br\/en\/no-dia-de-seu-aniversario-uniaofw-divulga-relatorio-financeiro\/uniao-14\/\" rel=\"attachment wp-att-27846\"><img loading=\"lazy\" decoding=\"async\" class=\"aligncenter size-full wp-image-27846\" src=\"http:\/\/www2.comunitaria.com.br\/wp-content\/uploads\/2017\/08\/uni\u00e3o.jpeg\" alt=\"\" width=\"1345\" height=\"1680\" srcset=\"https:\/\/www2.comunitaria.com.br\/wp-content\/uploads\/2017\/08\/uni\u00e3o.jpeg 1345w, https:\/\/www2.comunitaria.com.br\/wp-content\/uploads\/2017\/08\/uni\u00e3o-240x300.jpeg 240w, https:\/\/www2.comunitaria.com.br\/wp-content\/uploads\/2017\/08\/uni\u00e3o-768x959.jpeg 768w, https:\/\/www2.comunitaria.com.br\/wp-content\/uploads\/2017\/08\/uni\u00e3o-820x1024.jpeg 820w\" sizes=\"auto, (max-width: 1345px) 100vw, 1345px\" \/><\/a><\/p>\n<h4><strong>D\u00edvidas<\/strong><\/h4>\n<p style=\"text-align: justify;\">O presidente do Uni\u00e3o tamb\u00e9m informou sobre as d\u00edvidas do clube. Segundo o mandat\u00e1rio, atualmente o valor da d\u00edvida est\u00e1 &nbsp;em torno de 370 mil reais, e a expectativa \u00e9 que at\u00e9 o final de 2017 esse valor chegue a 200 mil reais, em um trabalho de enxugamento de gastos. O presidente destacou o empenho nesse trabalho de contens\u00e3o. \u201c O Uni\u00e3o \u00e9 um dos \u00fanicos clubes que n\u00e3o possuem d\u00edvidas trabalhistas e que est\u00e1 em dia com os impostos e tributos\u201d, comentou Cantarelli.<\/p>\n<p><strong>Nova Arena e novo elenco<\/strong><\/p>\n<p style=\"text-align: justify;\">Segundo informa\u00e7\u00f5es repassadas pela dire\u00e7\u00e3o, nos pr\u00f3ximos dias&nbsp; as obras na nova arena do Uni\u00e3o devem avan\u00e7ar ainda mais. At\u00e9 o final do ano a grama dever\u00e1 ser colocada por uma empresa especializada nesse trabalho, e que j\u00e1 realizou in\u00fameros trabalhos do tipo.<\/p>\n<p>Sobre o futuro, Cantarelli mant\u00eam a responsabilidade :<\/p>\n<audio class=\"wp-audio-shortcode\" id=\"audio-27845-2\" preload=\"none\" style=\"width: 100%;\" controls=\"controls\"><source type=\"audio\/mpeg\" src=\"http:\/\/www2.comunitaria.com.br\/wp-content\/uploads\/2017\/08\/PRESIDENTE-2.mp3?_=2\" \/><a href=\"http:\/\/www2.comunitaria.com.br\/wp-content\/uploads\/2017\/08\/PRESIDENTE-2.mp3\">http:\/\/www2.comunitaria.com.br\/wp-content\/uploads\/2017\/08\/PRESIDENTE-2.mp3<\/a><\/audio>\n<p style=\"text-align: justify;\">O presidente tamb\u00e9m revelou que&nbsp; existem conversas adiantadas com a pr\u00f3xima comiss\u00e3o t\u00e9cnica e com alguns jogadores. Ao contr\u00e1rio do que aconteceu nesse ano, quando o clube montou um time com o objetivo de manuten\u00e7\u00e3o na divis\u00e3o de acesso, em 2018, a expectativa \u00e9 montar um elenco competitivo para brigar na ponta da frente. Dez jogadores possuem vinculo com o Uni\u00e3o Frederiquense e estar\u00e3o na pr\u00f3xima temporada defendendo as cores do time de Frederico Westphalen, como por exemplo, os zagueiros Sergipano e Miranda, o goleiro Willian Lago e os meio-campistas Marcos Rhoden e Jo\u00e3o Paulo.<\/p>\n<p style=\"text-align: justify;\">&nbsp;<\/p>","protected":false},"excerpt":{"rendered":"<p>No dia 3 de agosto de 2010 nascia o Uni\u00e3o Frederiquense de Futebol, que hoje completa 7 anos, e na manh\u00e3 desta quinta-feira, a diretoria do clube se encontrou com&#8230;<\/p>","protected":false},"author":2,"featured_media":27849,"comment_status":"open","ping_status":"closed","sticky":false,"template":"","format":"standard","meta":{"ngg_post_thumbnail":0,"footnotes":""},"categories":[46,43],"tags":[465,230,86,171,688],"class_list":["post-27845","post","type-post","status-publish","format-standard","has-post-thumbnail","hentry","category-estado","category-regiao","tag-esporte","tag-futebol","tag-regiao-2","tag-uniao","tag-uniao-frederiquense"],"amp_enabled":true,"_links":{"self":[{"href":"https:\/\/www2.comunitaria.com.br\/en\/wp-json\/wp\/v2\/posts\/27845","targetHints":{"allow":["GET"]}}],"collection":[{"href":"https:\/\/www2.comunitaria.com.br\/en\/wp-json\/wp\/v2\/posts"}],"about":[{"href":"https:\/\/www2.comunitaria.com.br\/en\/wp-json\/wp\/v2\/types\/post"}],"author":[{"embeddable":true,"href":"https:\/\/www2.comunitaria.com.br\/en\/wp-json\/wp\/v2\/users\/2"}],"replies":[{"embeddable":true,"href":"https:\/\/www2.comunitaria.com.br\/en\/wp-json\/wp\/v2\/comments?post=27845"}],"version-history":[{"count":0,"href":"https:\/\/www2.comunitaria.com.br\/en\/wp-json\/wp\/v2\/posts\/27845\/revisions"}],"wp:featuredmedia":[{"embeddable":true,"href":"https:\/\/www2.comunitaria.com.br\/en\/wp-json\/wp\/v2\/media\/27849"}],"wp:attachment":[{"href":"https:\/\/www2.comunitaria.com.br\/en\/wp-json\/wp\/v2\/media?parent=27845"}],"wp:term":[{"taxonomy":"category","embeddable":true,"href":"https:\/\/www2.comunitaria.com.br\/en\/wp-json\/wp\/v2\/categories?post=27845"},{"taxonomy":"post_tag","embeddable":true,"href":"https:\/\/www2.comunitaria.com.br\/en\/wp-json\/wp\/v2\/tags?post=27845"}],"curies":[{"name":"wp","href":"https:\/\/api.w.org\/{rel}","templated":true}]}}