{"id":27817,"date":"2017-08-01T12:47:22","date_gmt":"2017-08-01T14:47:22","guid":{"rendered":"http:\/\/www2.comunitaria.com.br\/?p=27817"},"modified":"2017-08-01T12:47:22","modified_gmt":"2017-08-01T14:47:22","slug":"temperaturas-amenas-marcam-o-inicio-de-agosto-em-fw-e-regiao","status":"publish","type":"post","link":"https:\/\/www2.comunitaria.com.br\/en\/temperaturas-amenas-marcam-o-inicio-de-agosto-em-fw-e-regiao\/","title":{"rendered":"Temperaturas amenas marcam o in\u00edcio de agosto em FW e regi\u00e3o"},"content":{"rendered":"<p style=\"text-align: justify;\">Ap\u00f3s o julho mais seco em quase 70 anos em algumas cidades e de temperatura muito acima da m\u00e9dia hist\u00f3rica, agosto come\u00e7a nesta ter\u00e7a-feira no Rio Grande do Sul com perspectiva de ser mais um m\u00eas de marcas acima dos padr\u00f5es normais. No primeiro dia, a temperatura vai estar alta com calor e abafamento na Metade Norte.&nbsp;<\/p>\n<p style=\"text-align: justify;\">Em Frederico Westphalen a ter\u00e7a-feira iniciou com a presen\u00e7a de sol e nuvens. A temperatura no decorrer do dia ser\u00e1 amena e agrad\u00e1vel com m\u00e1xima de 22\u00b0C. Confira a previs\u00e3o completa:&nbsp;<\/p>\n<audio class=\"wp-audio-shortcode\" id=\"audio-27817-1\" preload=\"none\" style=\"width: 100%;\" controls=\"controls\"><source type=\"audio\/mpeg\" src=\"http:\/\/www2.comunitaria.com.br\/wp-content\/uploads\/2017\/08\/previs\u00e3o-ok.mp3?_=1\" \/><a href=\"http:\/\/www2.comunitaria.com.br\/wp-content\/uploads\/2017\/08\/previs\u00e3o-ok.mp3\">http:\/\/www2.comunitaria.com.br\/wp-content\/uploads\/2017\/08\/previs\u00e3o-ok.mp3<\/a><\/audio>","protected":false},"excerpt":{"rendered":"<p>Ap\u00f3s o julho mais seco em quase 70 anos em algumas cidades e de temperatura muito acima da m\u00e9dia hist\u00f3rica, agosto come\u00e7a nesta ter\u00e7a-feira no Rio Grande do Sul com&#8230;<\/p>","protected":false},"author":2,"featured_media":27819,"comment_status":"open","ping_status":"closed","sticky":false,"template":"","format":"standard","meta":{"ngg_post_thumbnail":0,"footnotes":""},"categories":[51,33,145],"tags":[980,179],"class_list":["post-27817","post","type-post","status-publish","format-standard","has-post-thumbnail","hentry","category-audio","category-noticias","category-previsao-do-tempo","tag-clima","tag-previsao-do-tempo-2"],"amp_enabled":true,"_links":{"self":[{"href":"https:\/\/www2.comunitaria.com.br\/en\/wp-json\/wp\/v2\/posts\/27817","targetHints":{"allow":["GET"]}}],"collection":[{"href":"https:\/\/www2.comunitaria.com.br\/en\/wp-json\/wp\/v2\/posts"}],"about":[{"href":"https:\/\/www2.comunitaria.com.br\/en\/wp-json\/wp\/v2\/types\/post"}],"author":[{"embeddable":true,"href":"https:\/\/www2.comunitaria.com.br\/en\/wp-json\/wp\/v2\/users\/2"}],"replies":[{"embeddable":true,"href":"https:\/\/www2.comunitaria.com.br\/en\/wp-json\/wp\/v2\/comments?post=27817"}],"version-history":[{"count":0,"href":"https:\/\/www2.comunitaria.com.br\/en\/wp-json\/wp\/v2\/posts\/27817\/revisions"}],"wp:featuredmedia":[{"embeddable":true,"href":"https:\/\/www2.comunitaria.com.br\/en\/wp-json\/wp\/v2\/media\/27819"}],"wp:attachment":[{"href":"https:\/\/www2.comunitaria.com.br\/en\/wp-json\/wp\/v2\/media?parent=27817"}],"wp:term":[{"taxonomy":"category","embeddable":true,"href":"https:\/\/www2.comunitaria.com.br\/en\/wp-json\/wp\/v2\/categories?post=27817"},{"taxonomy":"post_tag","embeddable":true,"href":"https:\/\/www2.comunitaria.com.br\/en\/wp-json\/wp\/v2\/tags?post=27817"}],"curies":[{"name":"wp","href":"https:\/\/api.w.org\/{rel}","templated":true}]}}