{"id":27797,"date":"2017-07-31T12:57:16","date_gmt":"2017-07-31T14:57:16","guid":{"rendered":"http:\/\/www2.comunitaria.com.br\/?p=27797"},"modified":"2017-07-31T12:58:43","modified_gmt":"2017-07-31T14:58:43","slug":"patrono-e-prenda-do-39-acampamento-farrapo-de-fw-sao-escolhidos","status":"publish","type":"post","link":"https:\/\/www2.comunitaria.com.br\/en\/patrono-e-prenda-do-39-acampamento-farrapo-de-fw-sao-escolhidos\/","title":{"rendered":"Patrono e Prenda do 39\u00b0 Acampamento Farrapo de FW s\u00e3o escolhidos"},"content":{"rendered":"<p style=\"text-align: justify;\">Uma solenidade realizada no Gabinete do Prefeito na manh\u00e3 desta segunda-feira, 31, marcou a realiza\u00e7\u00e3o do convite para o Patrono e Prenda oficial&nbsp;do 39\u00ba&nbsp;<a class=\"profileLink\" href=\"https:\/\/www.facebook.com\/Acampamento-Farrapo-Frederico-Westphalen-482829148515746\/?fref=mentions\" data-hovercard=\"\/ajax\/hovercard\/page.php?id=482829148515746&amp;extragetparams=%7B%22fref%22%3A%22mentions%22%7D\" data-hovercard-prefer-more-content-show=\"1\">Acampamento Farrapo &#8211;&nbsp;<span class=\"highlightNode\">Frederico Westphalen<\/span><\/a>.&nbsp;O casal convidado foram os tradicionalistas, Aristeu Felini Pinheiro e Elair Cadore Pinheiro (Nica). O casal escolhido por unanimidade dos Associados da Associa\u00e7\u00e3o Farroupilha Frederiquense, foi oficializado hoje, com um caf\u00e9 da manh\u00e3 especial e passam a integrar oficialmente os Festejos Farrapos no nosso Munic\u00edpio.&nbsp;<\/p>\n<p style=\"text-align: justify;\">Foto: Asscom. Prefeitura Frederico Westphalen&nbsp;<\/p>","protected":false},"excerpt":{"rendered":"<p>Uma solenidade realizada no Gabinete do Prefeito na manh\u00e3 desta segunda-feira, 31, marcou a realiza\u00e7\u00e3o do convite para o Patrono e Prenda oficial&nbsp;do 39\u00ba&nbsp;Acampamento Farrapo &#8211;&nbsp;Frederico Westphalen.&nbsp;O casal convidado foram os tradicionalistas, Aristeu Felini Pinheiro e Elair Cadore Pinheiro (Nica). O casal escolhido por unanimidade dos Associados da Associa\u00e7\u00e3o Farroupilha Frederiquense, foi oficializado hoje, com<\/p>\n<div class=\"read-more-wrapper\"><a class=\"read-more\" href=\"https:\/\/www2.comunitaria.com.br\/en\/patrono-e-prenda-do-39-acampamento-farrapo-de-fw-sao-escolhidos\/\" title=\"Read More\"> <span class=\"button\">Read More<\/span><\/a><\/div>","protected":false},"author":2,"featured_media":27792,"comment_status":"open","ping_status":"closed","sticky":false,"template":"","format":"standard","meta":{"ngg_post_thumbnail":0,"footnotes":""},"categories":[47,3593,44,46,42,33,38],"tags":[],"class_list":["post-27797","post","type-post","status-publish","format-standard","has-post-thumbnail","hentry","category-brasil","category-cultura","category-educacao","category-estado","category-fred-west","category-noticias","category-politica"],"amp_enabled":true,"_links":{"self":[{"href":"https:\/\/www2.comunitaria.com.br\/en\/wp-json\/wp\/v2\/posts\/27797","targetHints":{"allow":["GET"]}}],"collection":[{"href":"https:\/\/www2.comunitaria.com.br\/en\/wp-json\/wp\/v2\/posts"}],"about":[{"href":"https:\/\/www2.comunitaria.com.br\/en\/wp-json\/wp\/v2\/types\/post"}],"author":[{"embeddable":true,"href":"https:\/\/www2.comunitaria.com.br\/en\/wp-json\/wp\/v2\/users\/2"}],"replies":[{"embeddable":true,"href":"https:\/\/www2.comunitaria.com.br\/en\/wp-json\/wp\/v2\/comments?post=27797"}],"version-history":[{"count":0,"href":"https:\/\/www2.comunitaria.com.br\/en\/wp-json\/wp\/v2\/posts\/27797\/revisions"}],"wp:featuredmedia":[{"embeddable":true,"href":"https:\/\/www2.comunitaria.com.br\/en\/wp-json\/wp\/v2\/media\/27792"}],"wp:attachment":[{"href":"https:\/\/www2.comunitaria.com.br\/en\/wp-json\/wp\/v2\/media?parent=27797"}],"wp:term":[{"taxonomy":"category","embeddable":true,"href":"https:\/\/www2.comunitaria.com.br\/en\/wp-json\/wp\/v2\/categories?post=27797"},{"taxonomy":"post_tag","embeddable":true,"href":"https:\/\/www2.comunitaria.com.br\/en\/wp-json\/wp\/v2\/tags?post=27797"}],"curies":[{"name":"wp","href":"https:\/\/api.w.org\/{rel}","templated":true}]}}