{"id":27758,"date":"2017-07-30T12:43:30","date_gmt":"2017-07-30T14:43:30","guid":{"rendered":"http:\/\/www2.comunitaria.com.br\/?p=27758"},"modified":"2017-07-30T12:43:30","modified_gmt":"2017-07-30T14:43:30","slug":"acidente-deixa-um-morto-e-dois-feridos-em-rodeio-bonito","status":"publish","type":"post","link":"https:\/\/www2.comunitaria.com.br\/en\/acidente-deixa-um-morto-e-dois-feridos-em-rodeio-bonito\/","title":{"rendered":"Acidente deixa um morto e dois feridos em Rodeio Bonito"},"content":{"rendered":"<p style=\"text-align: justify;\">Na madrugada deste domingo, 30, por volta das 3h um acidente envolvendo um Ford KA com placas de Cristal do Sul deixou uma v\u00edtima fatal e dois feridos. A ocorr\u00eancia foi registrada na ERS 587, pr\u00f3ximo ao km 21 na Linha Barra do Pinhal, interior de Rodeio Bonito.&nbsp;<\/p>\n<p style=\"text-align: justify;\">Uma sa\u00edda de pista e capotamento resultou na morte de Guilherme Rodrigues, 18 anos de Cristal do Sul que, devido ao impacto, foi arremessado para fora do ve\u00edculo. Outros dois ocupantes de iniciais W. K. e E. P. ficaram feridos e foram encaminhados por populares para o Hospital S\u00e3o Jos\u00e9 de Rodeio Bonito e posteriormente para o Hospital Divina Provid\u00eancia para a realiza\u00e7\u00e3o de exames mais detalhados.&nbsp;<\/p>\n<p style=\"text-align: justify;\">A ocorr\u00eancia foi atendida pela policia Rodovi\u00e1ria Estadual de Palmeira das Miss\u00f5es e Pol\u00edcia Civil. O Servi\u00e7o de Atendimento M\u00f3vel de Urg\u00eancia (SAMU) foi acionado, mas ao chegar ao local a v\u00edtima encontrava-se sem vida.<\/p>\n<p style=\"text-align: justify;\"><em>Foto: Levi Oliveira\/Divulga\u00e7\u00e3o<\/em><\/p>","protected":false},"excerpt":{"rendered":"<p>Na madrugada deste domingo, 30, por volta das 3h um acidente envolvendo um Ford KA com placas de Cristal do Sul deixou uma v\u00edtima fatal e dois feridos. A ocorr\u00eancia foi registrada na ERS 587, pr\u00f3ximo ao km 21 na Linha Barra do Pinhal, interior de Rodeio Bonito.&nbsp; Uma sa\u00edda de pista e capotamento resultou<\/p>\n<div class=\"read-more-wrapper\"><a class=\"read-more\" href=\"https:\/\/www2.comunitaria.com.br\/en\/acidente-deixa-um-morto-e-dois-feridos-em-rodeio-bonito\/\" title=\"Read More\"> <span class=\"button\">Read More<\/span><\/a><\/div>","protected":false},"author":2,"featured_media":27759,"comment_status":"open","ping_status":"closed","sticky":false,"template":"","format":"standard","meta":{"ngg_post_thumbnail":0,"footnotes":""},"categories":[28,33,36,43],"tags":[96,279,177,86,1471,426],"class_list":["post-27758","post","type-post","status-publish","format-standard","has-post-thumbnail","hentry","category-destaque","category-noticias","category-policia","category-regiao","tag-acidente","tag-cristal-do-sul","tag-policia-2","tag-regiao-2","tag-rodeio-bonito","tag-transito"],"amp_enabled":true,"_links":{"self":[{"href":"https:\/\/www2.comunitaria.com.br\/en\/wp-json\/wp\/v2\/posts\/27758","targetHints":{"allow":["GET"]}}],"collection":[{"href":"https:\/\/www2.comunitaria.com.br\/en\/wp-json\/wp\/v2\/posts"}],"about":[{"href":"https:\/\/www2.comunitaria.com.br\/en\/wp-json\/wp\/v2\/types\/post"}],"author":[{"embeddable":true,"href":"https:\/\/www2.comunitaria.com.br\/en\/wp-json\/wp\/v2\/users\/2"}],"replies":[{"embeddable":true,"href":"https:\/\/www2.comunitaria.com.br\/en\/wp-json\/wp\/v2\/comments?post=27758"}],"version-history":[{"count":0,"href":"https:\/\/www2.comunitaria.com.br\/en\/wp-json\/wp\/v2\/posts\/27758\/revisions"}],"wp:featuredmedia":[{"embeddable":true,"href":"https:\/\/www2.comunitaria.com.br\/en\/wp-json\/wp\/v2\/media\/27759"}],"wp:attachment":[{"href":"https:\/\/www2.comunitaria.com.br\/en\/wp-json\/wp\/v2\/media?parent=27758"}],"wp:term":[{"taxonomy":"category","embeddable":true,"href":"https:\/\/www2.comunitaria.com.br\/en\/wp-json\/wp\/v2\/categories?post=27758"},{"taxonomy":"post_tag","embeddable":true,"href":"https:\/\/www2.comunitaria.com.br\/en\/wp-json\/wp\/v2\/tags?post=27758"}],"curies":[{"name":"wp","href":"https:\/\/api.w.org\/{rel}","templated":true}]}}