{"id":27633,"date":"2017-07-22T15:02:46","date_gmt":"2017-07-22T17:02:46","guid":{"rendered":"http:\/\/www2.comunitaria.com.br\/?p=27633"},"modified":"2017-07-24T11:04:07","modified_gmt":"2017-07-24T13:04:07","slug":"desfile-de-7-de-setembro-e-cancelado-em-fw","status":"publish","type":"post","link":"https:\/\/www2.comunitaria.com.br\/en\/desfile-de-7-de-setembro-e-cancelado-em-fw\/","title":{"rendered":"Desfile de 7 de Setembro \u00e9 cancelado em FW"},"content":{"rendered":"<p style=\"text-align: justify;\">Em reuni\u00e3o realizada na manh\u00e3 desta sexta-feira, 21, com representantes de escolas e universidades de Frederico Westphalen, foi decidido que neste ano n\u00e3o haver\u00e1 o tradicional desfile de 7 de setembro, que marcam as festividades da Semana da P\u00e1tria.&nbsp;<\/p>\n<p style=\"text-align: justify;\">De acordo com a diretora-cultural, Elisete Toledo, a Secretaria da Educa\u00e7\u00e3o recebeu durante o ano of\u00edcios de v\u00e1rias escolas frederiquenses apontando que n\u00e3o participariam do desfile. Durante a reuni\u00e3o foi decidido pelo acordo da maioria que o desfile est\u00e1 cancelado, por\u00e9m haver\u00e1 apresenta\u00e7\u00f5es culturais durante a Semana da P\u00e1tria e, no dia 7 de setembro, as escolas e Universidades comparecer\u00e3o a Pra\u00e7a da Matriz para prestigiar um show de bandas marciais.&nbsp;<\/p>\n<p style=\"text-align: justify;\">A decis\u00e3o n\u00e3o \u00e9 permanente. De acordo com Elisete, nos pr\u00f3ximos anos o desfile pode ocorrer normalmente, tudo depende da decis\u00e3o dos educand\u00e1rios.&nbsp;<\/p>\n<p style=\"text-align: justify;\"><em>Foto: Arquivo\/R\u00e1dio Comunit\u00e1ria<\/em><\/p>","protected":false},"excerpt":{"rendered":"<p>Em reuni\u00e3o realizada na manh\u00e3 desta sexta-feira, 21, com representantes de escolas e universidades de Frederico Westphalen, foi decidido que neste ano n\u00e3o haver\u00e1 o tradicional desfile de 7 de setembro, que marcam as festividades da Semana da P\u00e1tria.&nbsp; De acordo com a diretora-cultural, Elisete Toledo, a Secretaria da Educa\u00e7\u00e3o recebeu durante o ano of\u00edcios<\/p>\n<div class=\"read-more-wrapper\"><a class=\"read-more\" href=\"https:\/\/www2.comunitaria.com.br\/en\/desfile-de-7-de-setembro-e-cancelado-em-fw\/\" title=\"Read More\"> <span class=\"button\">Read More<\/span><\/a><\/div>","protected":false},"author":2,"featured_media":7540,"comment_status":"open","ping_status":"closed","sticky":false,"template":"","format":"standard","meta":{"ngg_post_thumbnail":0,"footnotes":""},"categories":[44,42,33,35],"tags":[1615,2770,2433,1537,413,224,1348,82,1165],"class_list":["post-27633","post","type-post","status-publish","format-standard","has-post-thumbnail","hentry","category-educacao","category-fred-west","category-noticias","category-variedades","tag-7-de-setembro","tag-atividade","tag-cancelamento","tag-desfile","tag-educacao-2","tag-escolas","tag-evento","tag-frederico-westphalen","tag-variedades"],"amp_enabled":true,"_links":{"self":[{"href":"https:\/\/www2.comunitaria.com.br\/en\/wp-json\/wp\/v2\/posts\/27633","targetHints":{"allow":["GET"]}}],"collection":[{"href":"https:\/\/www2.comunitaria.com.br\/en\/wp-json\/wp\/v2\/posts"}],"about":[{"href":"https:\/\/www2.comunitaria.com.br\/en\/wp-json\/wp\/v2\/types\/post"}],"author":[{"embeddable":true,"href":"https:\/\/www2.comunitaria.com.br\/en\/wp-json\/wp\/v2\/users\/2"}],"replies":[{"embeddable":true,"href":"https:\/\/www2.comunitaria.com.br\/en\/wp-json\/wp\/v2\/comments?post=27633"}],"version-history":[{"count":0,"href":"https:\/\/www2.comunitaria.com.br\/en\/wp-json\/wp\/v2\/posts\/27633\/revisions"}],"wp:featuredmedia":[{"embeddable":true,"href":"https:\/\/www2.comunitaria.com.br\/en\/wp-json\/wp\/v2\/media\/7540"}],"wp:attachment":[{"href":"https:\/\/www2.comunitaria.com.br\/en\/wp-json\/wp\/v2\/media?parent=27633"}],"wp:term":[{"taxonomy":"category","embeddable":true,"href":"https:\/\/www2.comunitaria.com.br\/en\/wp-json\/wp\/v2\/categories?post=27633"},{"taxonomy":"post_tag","embeddable":true,"href":"https:\/\/www2.comunitaria.com.br\/en\/wp-json\/wp\/v2\/tags?post=27633"}],"curies":[{"name":"wp","href":"https:\/\/api.w.org\/{rel}","templated":true}]}}