{"id":27613,"date":"2017-07-21T12:11:16","date_gmt":"2017-07-21T14:11:16","guid":{"rendered":"http:\/\/www2.comunitaria.com.br\/?p=27613"},"modified":"2017-07-21T12:38:42","modified_gmt":"2017-07-21T14:38:42","slug":"jbs-de-frederico-westphalen-demite-110-funcionarios","status":"publish","type":"post","link":"https:\/\/www2.comunitaria.com.br\/en\/jbs-de-frederico-westphalen-demite-110-funcionarios\/","title":{"rendered":"JBS de Frederico Westphalen demite 110 funcion\u00e1rios"},"content":{"rendered":"<p style=\"text-align: justify;\">A empresa JBS de Frederico Westphalen realizou a demiss\u00e3o de 110 funcion\u00e1rios entre quarta e quinta-feira, 19 e 21. &nbsp;As tratativas para evitar a esta demiss\u00e3o em massa vinham ocorrendo desde o dia 5 de julho, &nbsp;quando&nbsp;a<a href=\"http:\/\/www2.comunitaria.com.br\/en\/com-certeza-havera-demissoes-na-jbs-em-fw-afirma-presidente-do-sintricas\/\" target=\"_blank\" rel=\"noopener noreferrer\"> JBS protocolou junto ao Sindicato dos Trabalhadores nas Ind\u00fastrias de Carne e Soja, o Sintricas<\/a>, &nbsp; que representa os funcion\u00e1rios da empresa, a demiss\u00e3o de 130 trabalhadores do setor de embutidos, que foi encerrado ap\u00f3s alega\u00e7\u00e3o de &nbsp;\u201cajustes operacionais\u201d. Ap\u00f3s receber a informa\u00e7\u00e3o, o Sintricas acionou o Minist\u00e9rio P\u00fablico &nbsp;que mediou os interesses dos colaboradores com a JBS.&nbsp;<\/p>\n<p style=\"text-align: justify;\">No in\u00edcio estavam previstas cerca de 180 demiss\u00f5es, mas ap\u00f3s negocia\u00e7\u00f5es entre sindicado e empresa, foram confirmados 110 desligamentos. Uma readequa\u00e7\u00e3o interna do quadro de funcion\u00e1rios possibilitou a redu\u00e7\u00e3o do n\u00famero de demiss\u00f5es. As atividades de industrializa\u00e7\u00e3o de produtos \u00e0 base de carnes e seus derivados foram transferidas para outras unidades, no entanto,&nbsp;a linha de produ\u00e7\u00e3o de abate, que emprega 80% dos colaboradores da unidade, continua operando normalmente.<\/p>\n<p style=\"text-align: justify;\"><em>Foto: Divulga\u00e7\u00e3o<\/em><\/p>","protected":false},"excerpt":{"rendered":"<p>A empresa JBS de Frederico Westphalen realizou a demiss\u00e3o de 110 funcion\u00e1rios entre quarta e quinta-feira, 19 e 21. &nbsp;As tratativas para evitar a esta demiss\u00e3o em massa vinham ocorrendo desde o dia 5 de julho, &nbsp;quando&nbsp;a JBS protocolou junto ao Sindicato dos Trabalhadores nas Ind\u00fastrias de Carne e Soja, o Sintricas, &nbsp; que representa<\/p>\n<div class=\"read-more-wrapper\"><a class=\"read-more\" href=\"https:\/\/www2.comunitaria.com.br\/en\/jbs-de-frederico-westphalen-demite-110-funcionarios\/\" title=\"Read More\"> <span class=\"button\">Read More<\/span><\/a><\/div>","protected":false},"author":2,"featured_media":27614,"comment_status":"open","ping_status":"closed","sticky":false,"template":"","format":"standard","meta":{"ngg_post_thumbnail":0,"footnotes":""},"categories":[42,28,33],"tags":[3580,1054,82,510],"class_list":["post-27613","post","type-post","status-publish","format-standard","has-post-thumbnail","hentry","category-fred-west","category-destaque","category-noticias","tag-demissoes","tag-empresa","tag-frederico-westphalen","tag-jbs"],"amp_enabled":true,"_links":{"self":[{"href":"https:\/\/www2.comunitaria.com.br\/en\/wp-json\/wp\/v2\/posts\/27613","targetHints":{"allow":["GET"]}}],"collection":[{"href":"https:\/\/www2.comunitaria.com.br\/en\/wp-json\/wp\/v2\/posts"}],"about":[{"href":"https:\/\/www2.comunitaria.com.br\/en\/wp-json\/wp\/v2\/types\/post"}],"author":[{"embeddable":true,"href":"https:\/\/www2.comunitaria.com.br\/en\/wp-json\/wp\/v2\/users\/2"}],"replies":[{"embeddable":true,"href":"https:\/\/www2.comunitaria.com.br\/en\/wp-json\/wp\/v2\/comments?post=27613"}],"version-history":[{"count":0,"href":"https:\/\/www2.comunitaria.com.br\/en\/wp-json\/wp\/v2\/posts\/27613\/revisions"}],"wp:featuredmedia":[{"embeddable":true,"href":"https:\/\/www2.comunitaria.com.br\/en\/wp-json\/wp\/v2\/media\/27614"}],"wp:attachment":[{"href":"https:\/\/www2.comunitaria.com.br\/en\/wp-json\/wp\/v2\/media?parent=27613"}],"wp:term":[{"taxonomy":"category","embeddable":true,"href":"https:\/\/www2.comunitaria.com.br\/en\/wp-json\/wp\/v2\/categories?post=27613"},{"taxonomy":"post_tag","embeddable":true,"href":"https:\/\/www2.comunitaria.com.br\/en\/wp-json\/wp\/v2\/tags?post=27613"}],"curies":[{"name":"wp","href":"https:\/\/api.w.org\/{rel}","templated":true}]}}