{"id":27602,"date":"2017-07-21T10:57:24","date_gmt":"2017-07-21T12:57:24","guid":{"rendered":"http:\/\/www2.comunitaria.com.br\/?p=27602"},"modified":"2017-07-21T10:57:58","modified_gmt":"2017-07-21T12:57:58","slug":"mulher-e-presa-por-trafico-de-drogas-em-palmeira-das-missoes","status":"publish","type":"post","link":"https:\/\/www2.comunitaria.com.br\/en\/mulher-e-presa-por-trafico-de-drogas-em-palmeira-das-missoes\/","title":{"rendered":"Mulher \u00e9 presa por tr\u00e1fico de drogas em Palmeira das Miss\u00f5es"},"content":{"rendered":"<p style=\"text-align: justify;\">Por volta das 19h40 da noite desta quinta-feira, 20, em patrulhamento na Vila Habitar Brasil de Palmeira das Miss\u00f5es, a guarni\u00e7\u00e3o do POE e 39\u00b0 BPM visualizou um homem comprando drogas de uma mulher em frente \u00e0 sua resid\u00eancia. Tinha-se conhecimento atrav\u00e9s do setor de investiga\u00e7\u00e3o da Brigada Militar de que ali era ponto de comercializa\u00e7\u00e3o de droga<span class=\"text_exposed_show\">s, ent\u00e3o foi tentado realizar a abordagem do usu\u00e1rio, mas o mesmo fugiu em dire\u00e7\u00e3o a um&nbsp;banhado pr\u00f3ximo.<\/span><\/p>\n<p style=\"text-align: justify;\"><span class=\"text_exposed_show\">A mulher de iniciais E.F.S.L., de 35 anos, que estava vendendo a droga, quando percebeu a presen\u00e7a dos policiais fugiu para dentro de sua casa, sendo que foi acompanhada pela guarni\u00e7\u00e3o que localizou em cima de um balc\u00e3o um pote de pl\u00e1stico contendo uma pedra de crack e dentro de uma caixa de sapato, sete buchas de coca\u00edna, al\u00e9m de dinheiro fracionado em c\u00e9dulas de diversos valores, totalizando R$ 3.014.<\/span><\/p>\n<p style=\"text-align: justify;\"><span class=\"text_exposed_show\">Tamb\u00e9m foi apreendido um Smartphone marca Samsung e embalagens pl\u00e1sticas para embalar o entorpecente. Diante dos fatos foi dada voz de pris\u00e3o \u00e0 acusada e conduzida \u00e0 Delegacia de Pol\u00edcia para registro do flagrante, o qual foi qualificado como tr\u00e1fico de entorpecentes. Posteriormente a mesma foi encaminhada ao Pres\u00eddio Estadual de Palmeira.<\/span><\/p>\n\n\t\t<style type=\"text\/css\">\n\t\t\t#gallery-1 {\n\t\t\t\tmargin: auto;\n\t\t\t}\n\t\t\t#gallery-1 .gallery-item {\n\t\t\t\tfloat: left;\n\t\t\t\tmargin-top: 10px;\n\t\t\t\ttext-align: center;\n\t\t\t\twidth: 33%;\n\t\t\t}\n\t\t\t#gallery-1 img {\n\t\t\t\tborder: 2px solid #cfcfcf;\n\t\t\t}\n\t\t\t#gallery-1 .gallery-caption {\n\t\t\t\tmargin-left: 0;\n\t\t\t}\n\t\t\t\/* see gallery_shortcode() in wp-includes\/media.php *\/\n\t\t<\/style>\n\t\t<div id='gallery-1' class='gallery galleryid-27602 gallery-columns-3 gallery-size-thumbnail'><dl class='gallery-item'>\n\t\t\t<dt class='gallery-icon landscape'>\n\t\t\t\t<a href='https:\/\/www2.comunitaria.com.br\/en\/mulher-e-presa-por-trafico-de-drogas-em-palmeira-das-missoes\/20117153_149373975617177_2978919464570327453_o\/'><img loading=\"lazy\" decoding=\"async\" width=\"150\" height=\"150\" src=\"https:\/\/www2.comunitaria.com.br\/wp-content\/uploads\/2017\/07\/20117153_149373975617177_2978919464570327453_o-150x150.jpg\" class=\"attachment-thumbnail size-thumbnail\" alt=\"\" aria-describedby=\"gallery-1-27605\" srcset=\"https:\/\/www2.comunitaria.com.br\/wp-content\/uploads\/2017\/07\/20117153_149373975617177_2978919464570327453_o-150x150.jpg 150w, https:\/\/www2.comunitaria.com.br\/wp-content\/uploads\/2017\/07\/20117153_149373975617177_2978919464570327453_o-65x65.jpg 65w\" sizes=\"auto, (max-width: 150px) 100vw, 150px\" \/><\/a>\n\t\t\t<\/dt>\n\t\t\t\t<dd class='wp-caption-text gallery-caption' id='gallery-1-27605'>\n\t\t\t\tFoto: Divulga\u00e7\u00e3o 39\u00b0 BPM\n\t\t\t\t<\/dd><\/dl><dl class='gallery-item'>\n\t\t\t<dt class='gallery-icon portrait'>\n\t\t\t\t<a href='https:\/\/www2.comunitaria.com.br\/en\/mulher-e-presa-por-trafico-de-drogas-em-palmeira-das-missoes\/20139738_149373982283843_6481218223742461731_n\/'><img loading=\"lazy\" decoding=\"async\" width=\"150\" height=\"150\" src=\"https:\/\/www2.comunitaria.com.br\/wp-content\/uploads\/2017\/07\/20139738_149373982283843_6481218223742461731_n-150x150.jpg\" class=\"attachment-thumbnail size-thumbnail\" alt=\"\" aria-describedby=\"gallery-1-27606\" srcset=\"https:\/\/www2.comunitaria.com.br\/wp-content\/uploads\/2017\/07\/20139738_149373982283843_6481218223742461731_n-150x150.jpg 150w, https:\/\/www2.comunitaria.com.br\/wp-content\/uploads\/2017\/07\/20139738_149373982283843_6481218223742461731_n-65x65.jpg 65w\" sizes=\"auto, (max-width: 150px) 100vw, 150px\" \/><\/a>\n\t\t\t<\/dt>\n\t\t\t\t<dd class='wp-caption-text gallery-caption' id='gallery-1-27606'>\n\t\t\t\tFoto: Divulga\u00e7\u00e3o 39\u00b0 BPM\n\t\t\t\t<\/dd><\/dl><dl class='gallery-item'>\n\t\t\t<dt class='gallery-icon landscape'>\n\t\t\t\t<a href='https:\/\/www2.comunitaria.com.br\/en\/mulher-e-presa-por-trafico-de-drogas-em-palmeira-das-missoes\/20157608_149374015617173_5680120730201050524_o\/'><img loading=\"lazy\" decoding=\"async\" width=\"150\" height=\"150\" src=\"https:\/\/www2.comunitaria.com.br\/wp-content\/uploads\/2017\/07\/20157608_149374015617173_5680120730201050524_o-150x150.jpg\" class=\"attachment-thumbnail size-thumbnail\" alt=\"\" aria-describedby=\"gallery-1-27607\" srcset=\"https:\/\/www2.comunitaria.com.br\/wp-content\/uploads\/2017\/07\/20157608_149374015617173_5680120730201050524_o-150x150.jpg 150w, https:\/\/www2.comunitaria.com.br\/wp-content\/uploads\/2017\/07\/20157608_149374015617173_5680120730201050524_o-65x65.jpg 65w\" sizes=\"auto, (max-width: 150px) 100vw, 150px\" \/><\/a>\n\t\t\t<\/dt>\n\t\t\t\t<dd class='wp-caption-text gallery-caption' id='gallery-1-27607'>\n\t\t\t\tFoto: Divulga\u00e7\u00e3o 39\u00b0 BPM\n\t\t\t\t<\/dd><\/dl><br style=\"clear: both\" \/>\n\t\t<\/div>\n\n<p style=\"text-align: justify;\"><em>39\u00b0 BPM<\/em>&nbsp;<\/p>","protected":false},"excerpt":{"rendered":"<p>Por volta das 19h40 da noite desta quinta-feira, 20, em patrulhamento na Vila Habitar Brasil de Palmeira das Miss\u00f5es, a guarni\u00e7\u00e3o do POE e 39\u00b0 BPM visualizou um homem comprando drogas de uma mulher em frente \u00e0 sua resid\u00eancia. Tinha-se conhecimento atrav\u00e9s do setor de investiga\u00e7\u00e3o da Brigada Militar de que ali era ponto de<\/p>\n<div class=\"read-more-wrapper\"><a class=\"read-more\" href=\"https:\/\/www2.comunitaria.com.br\/en\/mulher-e-presa-por-trafico-de-drogas-em-palmeira-das-missoes\/\" title=\"Read More\"> <span class=\"button\">Read More<\/span><\/a><\/div>","protected":false},"author":2,"featured_media":27604,"comment_status":"open","ping_status":"closed","sticky":false,"template":"","format":"standard","meta":{"ngg_post_thumbnail":0,"footnotes":""},"categories":[33,36,43],"tags":[202,177,840,86,1193],"class_list":["post-27602","post","type-post","status-publish","format-standard","has-post-thumbnail","hentry","category-noticias","category-policia","category-regiao","tag-palmeira-das-missoes","tag-policia-2","tag-prisao","tag-regiao-2","tag-trafico-de-drogas"],"amp_enabled":true,"_links":{"self":[{"href":"https:\/\/www2.comunitaria.com.br\/en\/wp-json\/wp\/v2\/posts\/27602","targetHints":{"allow":["GET"]}}],"collection":[{"href":"https:\/\/www2.comunitaria.com.br\/en\/wp-json\/wp\/v2\/posts"}],"about":[{"href":"https:\/\/www2.comunitaria.com.br\/en\/wp-json\/wp\/v2\/types\/post"}],"author":[{"embeddable":true,"href":"https:\/\/www2.comunitaria.com.br\/en\/wp-json\/wp\/v2\/users\/2"}],"replies":[{"embeddable":true,"href":"https:\/\/www2.comunitaria.com.br\/en\/wp-json\/wp\/v2\/comments?post=27602"}],"version-history":[{"count":0,"href":"https:\/\/www2.comunitaria.com.br\/en\/wp-json\/wp\/v2\/posts\/27602\/revisions"}],"wp:featuredmedia":[{"embeddable":true,"href":"https:\/\/www2.comunitaria.com.br\/en\/wp-json\/wp\/v2\/media\/27604"}],"wp:attachment":[{"href":"https:\/\/www2.comunitaria.com.br\/en\/wp-json\/wp\/v2\/media?parent=27602"}],"wp:term":[{"taxonomy":"category","embeddable":true,"href":"https:\/\/www2.comunitaria.com.br\/en\/wp-json\/wp\/v2\/categories?post=27602"},{"taxonomy":"post_tag","embeddable":true,"href":"https:\/\/www2.comunitaria.com.br\/en\/wp-json\/wp\/v2\/tags?post=27602"}],"curies":[{"name":"wp","href":"https:\/\/api.w.org\/{rel}","templated":true}]}}