{"id":27520,"date":"2017-07-20T15:54:44","date_gmt":"2017-07-20T17:54:44","guid":{"rendered":"http:\/\/www2.comunitaria.com.br\/?p=27520"},"modified":"2017-07-20T16:22:44","modified_gmt":"2017-07-20T18:22:44","slug":"por-falta-de-efetivo-bm-so-atende-ocorrencias-de-transito-com-lesoes-corporais","status":"publish","type":"post","link":"https:\/\/www2.comunitaria.com.br\/en\/por-falta-de-efetivo-bm-so-atende-ocorrencias-de-transito-com-lesoes-corporais\/","title":{"rendered":"Acidentes de tr\u00e2nsito sem feridos devem ser registrados na Delegacia Online"},"content":{"rendered":"<p style=\"text-align: justify;\">Acidentes s\u00e3o acontecimentos imprevistos, com consequ\u00eancias sempre indesej\u00e1veis. Mesmo apenas com danos materiais existem alguns procedimentos que precisam ser levados em considera\u00e7\u00e3o. Em Frederico Westphalen, muitas pessoas ap\u00f3s serem v\u00edtimas de acidentes de tr\u00e2nsito procuram entrar em contato com a Brigada Militar e, normalmente, s\u00e3o orientadas a realizar o Boletim de Ocorr\u00eancias online.&nbsp;<\/p>\n<p style=\"text-align: justify;\">Em entrevista \u00e0 R\u00e1dio Comunit\u00e1ria, o Tenente do 37\u00ba BPM,&nbsp;Adelar&nbsp;Jos\u00e9 Nierotka, falou que devido ao n\u00famero reduzido de policiais que o munic\u00edpio possui, a Brigada Militar n\u00e3o vem atendendo acidentes de tr\u00e2nsito sem feridos. Ainda de acordo com o Tenente, o registro da ocorr\u00eancia deve ser feito por meio da<a href=\"https:\/\/www.delegaciaonline.rs.gov.br\/dol\/#!\/index\/main\" target=\"_blank\" rel=\"noopener noreferrer\"> Delegacia Online<\/a>:&nbsp;<\/p>\n<audio class=\"wp-audio-shortcode\" id=\"audio-27520-1\" preload=\"none\" style=\"width: 100%;\" controls=\"controls\"><source type=\"audio\/mpeg\" src=\"http:\/\/www2.comunitaria.com.br\/wp-content\/uploads\/2017\/07\/Adelar-01.mp3?_=1\" \/><a href=\"http:\/\/www2.comunitaria.com.br\/wp-content\/uploads\/2017\/07\/Adelar-01.mp3\">http:\/\/www2.comunitaria.com.br\/wp-content\/uploads\/2017\/07\/Adelar-01.mp3<\/a><\/audio>\n<p style=\"text-align: justify;\">Adelar tamb\u00e9m frisa que os policiais militares procuram prestar sempre o melhor servi\u00e7o \u00e0 comunidade, por isso d\u00e3o prioridade as ocorr\u00eancias mais graves:&nbsp;<\/p>\n<audio class=\"wp-audio-shortcode\" id=\"audio-27520-2\" preload=\"none\" style=\"width: 100%;\" controls=\"controls\"><source type=\"audio\/mpeg\" src=\"http:\/\/www2.comunitaria.com.br\/wp-content\/uploads\/2017\/07\/Adelar-02.mp3?_=2\" \/><a href=\"http:\/\/www2.comunitaria.com.br\/wp-content\/uploads\/2017\/07\/Adelar-02.mp3\">http:\/\/www2.comunitaria.com.br\/wp-content\/uploads\/2017\/07\/Adelar-02.mp3<\/a><\/audio>\n<p style=\"text-align: justify;\">Em caso de acidentes sem v\u00edtimas, n\u00e3o \u00e9 necess\u00e1rio acionar a autoridade de tr\u00e2nsito, mas \u00e9 importante fotografar os danos, anotar as placas dos ve\u00edculos envolvidos, do nome da rua e n\u00famero do im\u00f3vel mais pr\u00f3ximo ao acidente e nomes de eventuais testemunhas.<\/p>\n<p style=\"text-align: justify;\">&nbsp;O delegado da Pol\u00edcia Civil de Frederico Westphalen, Eduardo Nardi, explicou que as ocorr\u00eancias que n\u00e3o resultam em infra\u00e7\u00f5es penais devem ser registradas por meio da Delegacia Online:&nbsp;<\/p>\n<audio class=\"wp-audio-shortcode\" id=\"audio-27520-3\" preload=\"none\" style=\"width: 100%;\" controls=\"controls\"><source type=\"audio\/mpeg\" src=\"http:\/\/www2.comunitaria.com.br\/wp-content\/uploads\/2017\/07\/Nardi-01.mp3?_=3\" \/><a href=\"http:\/\/www2.comunitaria.com.br\/wp-content\/uploads\/2017\/07\/Nardi-01.mp3\">http:\/\/www2.comunitaria.com.br\/wp-content\/uploads\/2017\/07\/Nardi-01.mp3<\/a><\/audio>\n<p style=\"text-align: justify;\">Nardi ainda explica sobre a poss\u00edvel elabora\u00e7\u00e3o do boletim de ocorr\u00eancia por todos os condutores&nbsp;envolvidos no acidente e as diferentes vers\u00f5es do acontecimento:&nbsp;<\/p>\n<audio class=\"wp-audio-shortcode\" id=\"audio-27520-4\" preload=\"none\" style=\"width: 100%;\" controls=\"controls\"><source type=\"audio\/mpeg\" src=\"http:\/\/www2.comunitaria.com.br\/wp-content\/uploads\/2017\/07\/Nardi-02.mp3?_=4\" \/><a href=\"http:\/\/www2.comunitaria.com.br\/wp-content\/uploads\/2017\/07\/Nardi-02.mp3\">http:\/\/www2.comunitaria.com.br\/wp-content\/uploads\/2017\/07\/Nardi-02.mp3<\/a><\/audio>\n<p>Um dos casos que registra grande n\u00famero de acidentes de tr\u00e2nsito \u00e9 a embriaguez ao volante e, sobre esta quest\u00e3o, o delegado frisa que esta atitude \u00e9 crime de tr\u00e2nsito e o procedimento adotado \u00e9 diferente:&nbsp;<\/p>\n<audio class=\"wp-audio-shortcode\" id=\"audio-27520-5\" preload=\"none\" style=\"width: 100%;\" controls=\"controls\"><source type=\"audio\/mpeg\" src=\"http:\/\/www2.comunitaria.com.br\/wp-content\/uploads\/2017\/07\/Nardi-03-.mp3?_=5\" \/><a href=\"http:\/\/www2.comunitaria.com.br\/wp-content\/uploads\/2017\/07\/Nardi-03-.mp3\">http:\/\/www2.comunitaria.com.br\/wp-content\/uploads\/2017\/07\/Nardi-03-.mp3<\/a><\/audio>\n<p style=\"text-align: justify;\">Uma orienta\u00e7\u00e3o&nbsp;importante \u00e9 tentar um acordo entre as partes envolvidas. Os condutores devem conversar e tentar se entender quanto \u00e0 responsabilidade&nbsp;pelo acidente. Mesmo com acordo feito, \u00e9 importante na sequ\u00eancia registrar um Boletim de Ocorr\u00eancia. &nbsp;O B.O. virtual tamb\u00e9m \u00e9 aceito pelas seguradoras e em caso de conflitos judiciais.<\/p>\n<p style=\"text-align: justify;\">Vale ressaltar que \u00e9 obrigat\u00f3ria a retirada dos carros &nbsp;envolvidos na colis\u00e3o. Deixar o ve\u00edculo, envolvido em acidente sem v\u00edtima, no local da batida, obstruindo a circula\u00e7\u00e3o, constitui como infra\u00e7\u00e3o de tr\u00e2nsito.&nbsp;<\/p>\n<h3 style=\"text-align: justify;\">Delegacia Online<\/h3>\n<p style=\"text-align: justify;\"><a href=\"http:\/\/www2.comunitaria.com.br\/en\/por-falta-de-efetivo-bm-so-atende-ocorrencias-de-transito-com-lesoes-corporais\/delegacia-online\/\" rel=\"attachment wp-att-27587\"><img loading=\"lazy\" decoding=\"async\" class=\"wp-image-27587 alignright\" src=\"http:\/\/www2.comunitaria.com.br\/wp-content\/uploads\/2017\/07\/delegacia-online.png\" alt=\"\" width=\"395\" height=\"208\" srcset=\"https:\/\/www2.comunitaria.com.br\/wp-content\/uploads\/2017\/07\/delegacia-online.png 1202w, https:\/\/www2.comunitaria.com.br\/wp-content\/uploads\/2017\/07\/delegacia-online-300x158.png 300w, https:\/\/www2.comunitaria.com.br\/wp-content\/uploads\/2017\/07\/delegacia-online-768x404.png 768w, https:\/\/www2.comunitaria.com.br\/wp-content\/uploads\/2017\/07\/delegacia-online-1024x539.png 1024w\" sizes=\"auto, (max-width: 395px) 100vw, 395px\" \/><\/a>A Delegacia Online&nbsp;\u00e9 um servi\u00e7o prestado pela Pol\u00edcia Civil de Rio Grande do Sul, disponibilizado aos cidad\u00e3os por meio de uma p\u00e1gina na internet (<a href=\"https:\/\/www.delegaciaonline.rs.gov.br\/dol\/#!\/index\/main\" target=\"_blank\" rel=\"noopener noreferrer\">www.delegaciaonline.rs.gov.br<\/a>), 24 horas por dia, o que possibilita fazer o registro de ocorr\u00eancias, sem a necessidade de deslocamento at\u00e9 uma Delegacia de Pol\u00edcia.&nbsp;<\/p>\n<p style=\"text-align: justify;\">O sistema&nbsp;agiliza o atendimento \u00e0s pessoas, o andamento dos inqu\u00e9ritos, e os processos a serem feitos. Ajuda inclusive, a diminuir o servi\u00e7o burocr\u00e1tico e otimiza o trabalho dos servidores que passam a ter mais tempo para se dedicar ao servi\u00e7o operacional.&nbsp;<\/p>\n<p style=\"text-align: justify;\">Confira na \u00edntegra, a explica\u00e7\u00e3o do delegado Eduardo Nardi, sobre os procedimentos de utiliza\u00e7\u00e3o da ferramenta:&nbsp;<\/p>\n<audio class=\"wp-audio-shortcode\" id=\"audio-27520-6\" preload=\"none\" style=\"width: 100%;\" controls=\"controls\"><source type=\"audio\/mpeg\" src=\"http:\/\/www2.comunitaria.com.br\/wp-content\/uploads\/2017\/07\/Nardi-04-.mp3?_=6\" \/><a href=\"http:\/\/www2.comunitaria.com.br\/wp-content\/uploads\/2017\/07\/Nardi-04-.mp3\">http:\/\/www2.comunitaria.com.br\/wp-content\/uploads\/2017\/07\/Nardi-04-.mp3<\/a><\/audio>\n<p style=\"text-align: justify;\">Ocorr\u00eancias que podem ser registradas \u00e0 dist\u00e2ncia:<\/p>\n<p>&#8211; Perda<br \/>\n&#8211; Acidente de tr\u00e2nsito sem feridos<br \/>\n&#8211; Furto<br \/>\n&#8211; Ofensas<br \/>\n&#8211; Maus-tratos contra animais<br \/>\n&#8211; Perturba\u00e7\u00e3o<br \/>\n&#8211; Localiza\u00e7\u00e3o<br \/>\n&#8211; Roubo<br \/>\n&#8211; Dano<br \/>\n&#8211; Dano causado por fen\u00f4meno da natureza<br \/>\n&#8211; Abigeato<br \/>\n&#8211; Vias de fato<br \/>\n&#8211; Amea\u00e7a<br \/>\n&#8211; Desaparecimento de pessoa<br \/>\n&#8211; Localiza\u00e7\u00e3o de pessoa<br \/>\n&#8211; Viola\u00e7\u00e3o de domic\u00edlio<\/p>\n<p style=\"text-align: justify;\"><em>Foto: Divulga\u00e7\u00e3o<\/em><\/p>","protected":false},"excerpt":{"rendered":"<p>Acidentes s\u00e3o acontecimentos imprevistos, com consequ\u00eancias sempre indesej\u00e1veis. Mesmo apenas com danos materiais existem alguns procedimentos que precisam ser levados em considera\u00e7\u00e3o. Em Frederico Westphalen, muitas pessoas ap\u00f3s serem v\u00edtimas&#8230;<\/p>","protected":false},"author":2,"featured_media":27523,"comment_status":"open","ping_status":"closed","sticky":false,"template":"","format":"standard","meta":{"ngg_post_thumbnail":0,"footnotes":""},"categories":[46,42,28,33,36],"tags":[529,473,3571,911,1171,3182,426],"class_list":["post-27520","post","type-post","status-publish","format-standard","has-post-thumbnail","hentry","category-estado","category-fred-west","category-destaque","category-noticias","category-policia","tag-acidentes","tag-bm","tag-boletim-de-ocorrencia","tag-brigada-militar","tag-colisao","tag-efetivo","tag-transito"],"amp_enabled":true,"_links":{"self":[{"href":"https:\/\/www2.comunitaria.com.br\/en\/wp-json\/wp\/v2\/posts\/27520","targetHints":{"allow":["GET"]}}],"collection":[{"href":"https:\/\/www2.comunitaria.com.br\/en\/wp-json\/wp\/v2\/posts"}],"about":[{"href":"https:\/\/www2.comunitaria.com.br\/en\/wp-json\/wp\/v2\/types\/post"}],"author":[{"embeddable":true,"href":"https:\/\/www2.comunitaria.com.br\/en\/wp-json\/wp\/v2\/users\/2"}],"replies":[{"embeddable":true,"href":"https:\/\/www2.comunitaria.com.br\/en\/wp-json\/wp\/v2\/comments?post=27520"}],"version-history":[{"count":0,"href":"https:\/\/www2.comunitaria.com.br\/en\/wp-json\/wp\/v2\/posts\/27520\/revisions"}],"wp:featuredmedia":[{"embeddable":true,"href":"https:\/\/www2.comunitaria.com.br\/en\/wp-json\/wp\/v2\/media\/27523"}],"wp:attachment":[{"href":"https:\/\/www2.comunitaria.com.br\/en\/wp-json\/wp\/v2\/media?parent=27520"}],"wp:term":[{"taxonomy":"category","embeddable":true,"href":"https:\/\/www2.comunitaria.com.br\/en\/wp-json\/wp\/v2\/categories?post=27520"},{"taxonomy":"post_tag","embeddable":true,"href":"https:\/\/www2.comunitaria.com.br\/en\/wp-json\/wp\/v2\/tags?post=27520"}],"curies":[{"name":"wp","href":"https:\/\/api.w.org\/{rel}","templated":true}]}}