{"id":27457,"date":"2017-07-11T11:34:37","date_gmt":"2017-07-11T13:34:37","guid":{"rendered":"http:\/\/www2.comunitaria.com.br\/?p=27457"},"modified":"2017-07-11T11:36:53","modified_gmt":"2017-07-11T13:36:53","slug":"bistro-restaurante-e-eventos-qualidade-bom-gosto-e-sofisticacao","status":"publish","type":"post","link":"https:\/\/www2.comunitaria.com.br\/en\/bistro-restaurante-e-eventos-qualidade-bom-gosto-e-sofisticacao\/","title":{"rendered":"Bistr\u00f4 Restaurante e Eventos: Qualidade, bom gosto e sofistica\u00e7\u00e3o"},"content":{"rendered":"<p style=\"text-align: justify;\">Conceituado pela qualidade na produ\u00e7\u00e3o de eventos, al\u00e9m da excelente culin\u00e1ria e atendimento, o Bistr\u00f4 iniciou suas atividades em 2003, inicialmente fazendo parte do Clube Ipiranga, tendo como carro chefe a realiza\u00e7\u00e3o de eventos. O s\u00f3cio propriet\u00e1rio, Yuri Perussatto, fala sobre a trajet\u00f3ria do estabelecimento:&nbsp;<\/p>\n<!--[if lt IE 9]><script>document.createElement('audio');<\/script><![endif]-->\n<audio class=\"wp-audio-shortcode\" id=\"audio-27457-1\" preload=\"none\" style=\"width: 100%;\" controls=\"controls\"><source type=\"audio\/mpeg\" src=\"http:\/\/www2.comunitaria.com.br\/wp-content\/uploads\/2017\/07\/Yuri-01.mp3?_=1\" \/><a href=\"http:\/\/www2.comunitaria.com.br\/wp-content\/uploads\/2017\/07\/Yuri-01.mp3\">http:\/\/www2.comunitaria.com.br\/wp-content\/uploads\/2017\/07\/Yuri-01.mp3<\/a><\/audio>\n<p style=\"text-align: justify;\">Buscando ampliar o empreendimento, atualmente o Bistr\u00f4 tamb\u00e9m trabalha com buffet de almo\u00e7o, \u00e0 la carte todas as noites, al\u00e9m da culin\u00e1ria japonesa. O estabelecimento sempre prima pela qualidade, tanto do atendimento como das refei\u00e7\u00f5es servidas.&nbsp;<\/p>\n<h3 style=\"text-align: center;\"><span style=\"color: #10a16c;\">EVENTOS<\/span><\/h3>\n<p><a href=\"http:\/\/www2.comunitaria.com.br\/en\/bistro-restaurante-e-eventos-qualidade-bom-gosto-e-sofisticacao\/18423204_1509983019076976_5020624089973522294_o-2\/\" rel=\"attachment wp-att-27461\"><img loading=\"lazy\" decoding=\"async\" class=\"aligncenter size-full wp-image-27461\" src=\"http:\/\/www2.comunitaria.com.br\/wp-content\/uploads\/2017\/07\/18423204_1509983019076976_5020624089973522294_o-1.jpg\" alt=\"\" width=\"1680\" height=\"680\" srcset=\"https:\/\/www2.comunitaria.com.br\/wp-content\/uploads\/2017\/07\/18423204_1509983019076976_5020624089973522294_o-1.jpg 1680w, https:\/\/www2.comunitaria.com.br\/wp-content\/uploads\/2017\/07\/18423204_1509983019076976_5020624089973522294_o-1-300x121.jpg 300w, https:\/\/www2.comunitaria.com.br\/wp-content\/uploads\/2017\/07\/18423204_1509983019076976_5020624089973522294_o-1-768x311.jpg 768w, https:\/\/www2.comunitaria.com.br\/wp-content\/uploads\/2017\/07\/18423204_1509983019076976_5020624089973522294_o-1-1024x414.jpg 1024w\" sizes=\"auto, (max-width: 1680px) 100vw, 1680px\" \/><\/a><\/p>\n<p style=\"text-align: justify;\">Os eventos ainda s\u00e3o o carro chefe da empresa, contando com equipe especializada, estruturas especiais e ambiente adequado para a realiza\u00e7\u00e3o de todo tipo de eventos. O local pode acomodar at\u00e9 220 pessoas e como destaca Yuri, a qualidade do evento \u00e9 garantida do in\u00edcio ao fim:<\/p>\n<audio class=\"wp-audio-shortcode\" id=\"audio-27457-2\" preload=\"none\" style=\"width: 100%;\" controls=\"controls\"><source type=\"audio\/mpeg\" src=\"http:\/\/www2.comunitaria.com.br\/wp-content\/uploads\/2017\/07\/Yuri-Eventos.mp3?_=2\" \/><a href=\"http:\/\/www2.comunitaria.com.br\/wp-content\/uploads\/2017\/07\/Yuri-Eventos.mp3\">http:\/\/www2.comunitaria.com.br\/wp-content\/uploads\/2017\/07\/Yuri-Eventos.mp3<\/a><\/audio>\n<p style=\"text-align: justify;\">Festas especiais como casamentos, formaturas e 15 anos, al\u00e9m de eventos formais como encontros de neg\u00f3cios e reuni\u00f5es podem ser realizados no Bistr\u00f4, para mais informa\u00e7\u00f5es basta entrar em contato atrav\u00e9s do telefone 3744-2003. O restaurante fica localizado na Rua Miguel Couto, 123.<\/p>\n<h3 style=\"text-align: center;\"><span style=\"color: #10a16c;\">SUSHI SUNDAY FESTIVAL<\/span><\/h3>\n<p><a href=\"http:\/\/www2.comunitaria.com.br\/en\/bistro-restaurante-e-eventos-qualidade-bom-gosto-e-sofisticacao\/2222-2\/\" rel=\"attachment wp-att-27463\"><img loading=\"lazy\" decoding=\"async\" class=\"aligncenter wp-image-27463\" src=\"http:\/\/www2.comunitaria.com.br\/wp-content\/uploads\/2017\/07\/2222.jpg\" alt=\"\" width=\"1032\" height=\"420\" srcset=\"https:\/\/www2.comunitaria.com.br\/wp-content\/uploads\/2017\/07\/2222.jpg 956w, https:\/\/www2.comunitaria.com.br\/wp-content\/uploads\/2017\/07\/2222-300x122.jpg 300w, https:\/\/www2.comunitaria.com.br\/wp-content\/uploads\/2017\/07\/2222-768x313.jpg 768w\" sizes=\"auto, (max-width: 1032px) 100vw, 1032px\" \/><\/a><\/p>\n<p style=\"text-align: justify;\">Al\u00e9m de oferecer seus tradicionais jantares \u00e0 la carte de sushi, o Bistr\u00f4 agora conta o Sushi Sunday Festival. Todos os domingos o restaurante oferece um card\u00e1pio especial com entradas, Niguiri, Hossomaki, Uramaki, Sashimi, Hot Sushi, Hot Doce e Tamaki.<\/p>\n<p style=\"text-align: justify;\">O prato da cozinha japonesa \u00e9 mais uma op\u00e7\u00e3o do restaurante que se destaca em Frederico Westphalen e tamb\u00e9m em munic\u00edpios da regi\u00e3o pela qualidade e diversidade de alimentos. Inclusive, para manter este conceito, o Bistr\u00f4 possui um sushiman para preparar o prato t\u00edpico japon\u00eas. &nbsp;Al\u00e9m disso, drinks do pa\u00eds asi\u00e1tico tamb\u00e9m s\u00e3o oferecidos no local. Yuri fala sobre a iniciativa de trazer a novidade \u00e0 Frederico Westphalen:&nbsp;<\/p>\n<audio class=\"wp-audio-shortcode\" id=\"audio-27457-3\" preload=\"none\" style=\"width: 100%;\" controls=\"controls\"><source type=\"audio\/mpeg\" src=\"http:\/\/www2.comunitaria.com.br\/wp-content\/uploads\/2017\/07\/Yuri-Sushi.mp3?_=3\" \/><a href=\"http:\/\/www2.comunitaria.com.br\/wp-content\/uploads\/2017\/07\/Yuri-Sushi.mp3\">http:\/\/www2.comunitaria.com.br\/wp-content\/uploads\/2017\/07\/Yuri-Sushi.mp3<\/a><\/audio>\n<p>Para acompanhar as promo\u00e7\u00f5es e novidades, interessados podem acessar a <a href=\"https:\/\/www.facebook.com\/bistroeventos\/\" target=\"_blank\" rel=\"noopener noreferrer\">P\u00e1gina Oficial do Restaurante Bistr\u00f4 no Facebook.&nbsp;<\/a>&nbsp;<\/p>","protected":false},"excerpt":{"rendered":"<p>Conceituado pela qualidade na produ\u00e7\u00e3o de eventos, al\u00e9m da excelente culin\u00e1ria e atendimento, o Bistr\u00f4 iniciou suas atividades em 2003, inicialmente fazendo parte do Clube Ipiranga, tendo como carro chefe a realiza\u00e7\u00e3o de eventos. O s\u00f3cio propriet\u00e1rio, Yuri Perussatto, fala sobre a trajet\u00f3ria do estabelecimento:&nbsp; Buscando ampliar o empreendimento, atualmente o Bistr\u00f4 tamb\u00e9m trabalha com<\/p>\n<div class=\"read-more-wrapper\"><a class=\"read-more\" href=\"https:\/\/www2.comunitaria.com.br\/en\/bistro-restaurante-e-eventos-qualidade-bom-gosto-e-sofisticacao\/\" title=\"Read More\"> <span class=\"button\">Read More<\/span><\/a><\/div>","protected":false},"author":2,"featured_media":27464,"comment_status":"open","ping_status":"closed","sticky":false,"template":"","format":"standard","meta":{"ngg_post_thumbnail":0,"footnotes":""},"categories":[51,42,28,33,35],"tags":[3560,410,82,2651,1165],"class_list":["post-27457","post","type-post","status-publish","format-standard","has-post-thumbnail","hentry","category-audio","category-fred-west","category-destaque","category-noticias","category-variedades","tag-bistro","tag-comercio","tag-frederico-westphalen","tag-restaurante","tag-variedades"],"amp_enabled":true,"_links":{"self":[{"href":"https:\/\/www2.comunitaria.com.br\/en\/wp-json\/wp\/v2\/posts\/27457","targetHints":{"allow":["GET"]}}],"collection":[{"href":"https:\/\/www2.comunitaria.com.br\/en\/wp-json\/wp\/v2\/posts"}],"about":[{"href":"https:\/\/www2.comunitaria.com.br\/en\/wp-json\/wp\/v2\/types\/post"}],"author":[{"embeddable":true,"href":"https:\/\/www2.comunitaria.com.br\/en\/wp-json\/wp\/v2\/users\/2"}],"replies":[{"embeddable":true,"href":"https:\/\/www2.comunitaria.com.br\/en\/wp-json\/wp\/v2\/comments?post=27457"}],"version-history":[{"count":0,"href":"https:\/\/www2.comunitaria.com.br\/en\/wp-json\/wp\/v2\/posts\/27457\/revisions"}],"wp:featuredmedia":[{"embeddable":true,"href":"https:\/\/www2.comunitaria.com.br\/en\/wp-json\/wp\/v2\/media\/27464"}],"wp:attachment":[{"href":"https:\/\/www2.comunitaria.com.br\/en\/wp-json\/wp\/v2\/media?parent=27457"}],"wp:term":[{"taxonomy":"category","embeddable":true,"href":"https:\/\/www2.comunitaria.com.br\/en\/wp-json\/wp\/v2\/categories?post=27457"},{"taxonomy":"post_tag","embeddable":true,"href":"https:\/\/www2.comunitaria.com.br\/en\/wp-json\/wp\/v2\/tags?post=27457"}],"curies":[{"name":"wp","href":"https:\/\/api.w.org\/{rel}","templated":true}]}}