{"id":27391,"date":"2017-07-05T10:21:34","date_gmt":"2017-07-05T12:21:34","guid":{"rendered":"http:\/\/www2.comunitaria.com.br\/?p=27391"},"modified":"2017-07-05T10:21:34","modified_gmt":"2017-07-05T12:21:34","slug":"divulgada-programacao-oficial-do-7o-festival-atena","status":"publish","type":"post","link":"https:\/\/www2.comunitaria.com.br\/en\/divulgada-programacao-oficial-do-7o-festival-atena\/","title":{"rendered":"Divulgada programa\u00e7\u00e3o oficial do 7\u00ba Festival Atena"},"content":{"rendered":"<p style=\"text-align: justify;\">O 7\u00ba Festival Atena acontece no pr\u00f3ximo fim de semana entre os dias 7 e 8 e 9 de julho na Escola Cardeal Roncalli e tem como objetivo promover a manifesta\u00e7\u00e3o da cultura popular atrav\u00e9s de apresenta\u00e7\u00f5es, encena\u00e7\u00f5es e exposi\u00e7\u00f5es art\u00edsticas, incentivando comportamentos de participa\u00e7\u00e3o e organiza\u00e7\u00e3o por parte de toda a sociedade. O evento j\u00e1 conta com a programa\u00e7\u00e3o oficial, confira as atra\u00e7\u00f5es:&nbsp;<\/p>\n<p style=\"text-align: justify;\"><strong>7 de julho, sexta-feira <\/strong><br \/>\n19h Abertura do Festival com 1\u00ba Encontro Atena de Corais<\/p>\n<p style=\"text-align: justify;\"><strong>8 de julho, s\u00e1bado&nbsp;<\/strong><br \/>\n10h Oficina Cultural Est\u00e9tica Facial Masculina<br \/>\n10h30 Oficina Cultural Dan\u00e7a Contempor\u00e2nea<br \/>\n13h30 Oficina Cultural Dan\u00e7a Jazz Intermedi\u00e1rio<br \/>\n14h Oficina Cultural Laborat\u00f3rio Coral<br \/>\n15h Abertura dos Espet\u00e1culos e das Galerias de Artes<br \/>\n16h Apresenta\u00e7\u00f5es Categoria Dan\u00e7a Junior<br \/>\n17h Apresenta\u00e7\u00f5es Categoria Cinema e Atra\u00e7\u00f5es Especiais<br \/>\n18h Apresenta\u00e7\u00f5es Categoria M\u00fasica Junior e Senior<br \/>\n19h Apresenta\u00e7\u00f5es Categorias Dan\u00e7a Senior<br \/>\n21h00 Encerramento das Apresenta\u00e7\u00f5es e Entrega das Premia\u00e7\u00f5es<\/p>\n<p style=\"text-align: justify;\"><strong>9 de julho, domingo&nbsp;<br \/>\n<\/strong>9h&nbsp;Oficina Cultural Animais Guias (na sede da ACA)<br \/>\n14h30&nbsp;Oficina Cultural Cura Xam\u00e2nica (na sede da ACA)&nbsp;<\/p>\n<p style=\"text-align: justify;\">A lista de artistas selecionados pode ser conferida <a href=\"http:\/\/www2.comunitaria.com.br\/wp-content\/uploads\/2017\/07\/7-FA-08-Programa%C3%A7%C3%A3o-e-Selecionados-04Jul.pdf\" target=\"_blank\" rel=\"noopener noreferrer\">clicando AQUI.&nbsp;<\/a><\/p>","protected":false},"excerpt":{"rendered":"<p>O 7\u00ba Festival Atena acontece no pr\u00f3ximo fim de semana entre os dias 7 e 8 e 9 de julho na Escola Cardeal Roncalli e tem como objetivo promover a manifesta\u00e7\u00e3o da cultura popular atrav\u00e9s de apresenta\u00e7\u00f5es, encena\u00e7\u00f5es e exposi\u00e7\u00f5es art\u00edsticas, incentivando comportamentos de participa\u00e7\u00e3o e organiza\u00e7\u00e3o por parte de toda a sociedade. O evento<\/p>\n<div class=\"read-more-wrapper\"><a class=\"read-more\" href=\"https:\/\/www2.comunitaria.com.br\/en\/divulgada-programacao-oficial-do-7o-festival-atena\/\" title=\"Read More\"> <span class=\"button\">Read More<\/span><\/a><\/div>","protected":false},"author":2,"featured_media":27393,"comment_status":"open","ping_status":"closed","sticky":false,"template":"","format":"standard","meta":{"ngg_post_thumbnail":0,"footnotes":""},"categories":[44,42,100,33,35],"tags":[2134,2802,82,1159,1165],"class_list":["post-27391","post","type-post","status-publish","format-standard","has-post-thumbnail","hentry","category-educacao","category-fred-west","category-musica","category-noticias","category-variedades","tag-apresentacoes","tag-festival-atena","tag-frederico-westphalen","tag-musica","tag-variedades"],"amp_enabled":true,"_links":{"self":[{"href":"https:\/\/www2.comunitaria.com.br\/en\/wp-json\/wp\/v2\/posts\/27391","targetHints":{"allow":["GET"]}}],"collection":[{"href":"https:\/\/www2.comunitaria.com.br\/en\/wp-json\/wp\/v2\/posts"}],"about":[{"href":"https:\/\/www2.comunitaria.com.br\/en\/wp-json\/wp\/v2\/types\/post"}],"author":[{"embeddable":true,"href":"https:\/\/www2.comunitaria.com.br\/en\/wp-json\/wp\/v2\/users\/2"}],"replies":[{"embeddable":true,"href":"https:\/\/www2.comunitaria.com.br\/en\/wp-json\/wp\/v2\/comments?post=27391"}],"version-history":[{"count":0,"href":"https:\/\/www2.comunitaria.com.br\/en\/wp-json\/wp\/v2\/posts\/27391\/revisions"}],"wp:featuredmedia":[{"embeddable":true,"href":"https:\/\/www2.comunitaria.com.br\/en\/wp-json\/wp\/v2\/media\/27393"}],"wp:attachment":[{"href":"https:\/\/www2.comunitaria.com.br\/en\/wp-json\/wp\/v2\/media?parent=27391"}],"wp:term":[{"taxonomy":"category","embeddable":true,"href":"https:\/\/www2.comunitaria.com.br\/en\/wp-json\/wp\/v2\/categories?post=27391"},{"taxonomy":"post_tag","embeddable":true,"href":"https:\/\/www2.comunitaria.com.br\/en\/wp-json\/wp\/v2\/tags?post=27391"}],"curies":[{"name":"wp","href":"https:\/\/api.w.org\/{rel}","templated":true}]}}