{"id":27289,"date":"2017-06-29T10:39:50","date_gmt":"2017-06-29T12:39:50","guid":{"rendered":"http:\/\/www2.comunitaria.com.br\/?p=27289"},"modified":"2017-06-29T10:40:16","modified_gmt":"2017-06-29T12:40:16","slug":"licenciamento-da-piscicultura-sera-tema-de-reuniao-tecnica-nesta-sexta-feira","status":"publish","type":"post","link":"https:\/\/www2.comunitaria.com.br\/en\/licenciamento-da-piscicultura-sera-tema-de-reuniao-tecnica-nesta-sexta-feira\/","title":{"rendered":"Licenciamento da piscicultura ser\u00e1 tema de reuni\u00e3o t\u00e9cnica nesta sexta-feira"},"content":{"rendered":"<p>Considerando o crescimento da atividade de piscicultura que est\u00e1 ocorrendo em v\u00e1rios munic\u00edpios da regi\u00e3o da Produ\u00e7\u00e3o, a qual exige licenciamento ambiental para a constru\u00e7\u00e3o dos viveiros e da pr\u00f3pria atividade de piscicultura nos munic\u00edpios, a EMATER-RS ASCAR Regional, a AMZOP e a UFSM \u2013 Campus Frederico Westphalen est\u00e3o promovendo uma reuni\u00e3o t\u00e9cnica para buscar o aperfei\u00e7oamento do licenciamento da piscicultura nesta parte do Rio Grande do Sul. O evento acontecer\u00e1 em Frederico Westphalen, nesta sexta-feira, 30.&nbsp;<\/p>\n<p style=\"text-align: justify;\">A programa\u00e7\u00e3o ser\u00e1 realizada no Sindicato dos Trabalhadores Rurais (STR), Rua Jos\u00e9 Ca\u00f1ellas n\u00ba 77. A programa\u00e7\u00e3o inicia \u00e0s 8h30 e encerra \u00e0s 17h.<\/p>\n<p style=\"text-align: justify;\">A reuni\u00e3o t\u00e9cnica tamb\u00e9m ser\u00e1 realizada em munic\u00edpios da regi\u00e3o em data a ser definida. &nbsp;Segundo as entidades promotoras \u00e9 fundamental a participa\u00e7\u00e3o de um representante do Departamento Ambiental do Munic\u00edpio, respons\u00e1vel pelo Licenciamento ambiental de sua Prefeitura para participar deste evento.<\/p>\n<p style=\"text-align: justify;\">O encontro ter\u00e1 a participa\u00e7\u00e3o de t\u00e9cnicos extensionistas rurais da Emater destes munic\u00edpios, os quais, poder\u00e3o utilizar o transporte do ve\u00edculo do Escrit\u00f3rio Municipal.&nbsp;<\/p>\n<p style=\"text-align: justify;\"><strong>Confira a programa\u00e7\u00e3o:&nbsp;<\/strong><\/p>\n<p style=\"text-align: justify;\">8h30 &#8211; Abertura<\/p>\n<p style=\"text-align: justify;\">9h &#8211; C\u00f3digo Florestal Brasileiro e exig\u00eancia legais de aproveitamento das \u00e1reas Consolidadas para piscicultura&nbsp;<br \/>\nEng\u00aa Agr. Carlos Roberto Olczevski &#8211; Assistente T\u00e9cnico Regional de Piscicultura &#8211; Regional da Emater-RS ASCAR<\/p>\n<p style=\"text-align: justify;\"><strong>Debate<\/strong><\/p>\n<p style=\"text-align: justify;\">10h &#8211; Legisla\u00e7\u00e3o Existente para piscicultura, em especial cria\u00e7\u00e3o de til\u00e1pia<br \/>\n&#8211; Zootecnista Dr. Ivanir Coldebellla &#8211; Professor UFSM- Campus de Frederico Westphalen<\/p>\n<p style=\"text-align: justify;\"><strong>Debate<\/strong><\/p>\n<p style=\"text-align: justify;\">13h &#8211; Proposta de exig\u00eancias b\u00e1sicas para licenciamento ambiental para piscicultura em n\u00edvel de \u00f3rg\u00e3os municipais de licenciamento ambiental<br \/>\n&#8211; Eng\u00ba Agr Dr Henrique Bartels- Assistente t\u00e9cnico Estadual- EMATER -RS ASCAR<\/p>\n<p style=\"text-align: justify;\"><strong>Debate<\/strong><\/p>\n<p style=\"text-align: justify;\">Para mais informa\u00e7\u00f5es basta entrar em contato pelos fones (55) 3746-1938 ou (55) 99651-9496. &nbsp;<\/p>\n<p style=\"text-align: justify;\"><em>Foto: Divulga\u00e7\u00e3o<\/em><\/p>","protected":false},"excerpt":{"rendered":"<p>Considerando o crescimento da atividade de piscicultura que est\u00e1 ocorrendo em v\u00e1rios munic\u00edpios da regi\u00e3o da Produ\u00e7\u00e3o, a qual exige licenciamento ambiental para a constru\u00e7\u00e3o dos viveiros e da pr\u00f3pria&#8230;<\/p>","protected":false},"author":2,"featured_media":27290,"comment_status":"open","ping_status":"closed","sticky":false,"template":"","format":"standard","meta":{"ngg_post_thumbnail":0,"footnotes":""},"categories":[42,33,43,45],"tags":[275,76,337,1015,1164,86,479],"class_list":["post-27289","post","type-post","status-publish","format-standard","has-post-thumbnail","hentry","category-fred-west","category-noticias","category-regiao","category-rural","tag-amzop","tag-debate","tag-emater","tag-encontro","tag-piscicultura","tag-regiao-2","tag-rural-2"],"amp_enabled":true,"_links":{"self":[{"href":"https:\/\/www2.comunitaria.com.br\/en\/wp-json\/wp\/v2\/posts\/27289","targetHints":{"allow":["GET"]}}],"collection":[{"href":"https:\/\/www2.comunitaria.com.br\/en\/wp-json\/wp\/v2\/posts"}],"about":[{"href":"https:\/\/www2.comunitaria.com.br\/en\/wp-json\/wp\/v2\/types\/post"}],"author":[{"embeddable":true,"href":"https:\/\/www2.comunitaria.com.br\/en\/wp-json\/wp\/v2\/users\/2"}],"replies":[{"embeddable":true,"href":"https:\/\/www2.comunitaria.com.br\/en\/wp-json\/wp\/v2\/comments?post=27289"}],"version-history":[{"count":0,"href":"https:\/\/www2.comunitaria.com.br\/en\/wp-json\/wp\/v2\/posts\/27289\/revisions"}],"wp:featuredmedia":[{"embeddable":true,"href":"https:\/\/www2.comunitaria.com.br\/en\/wp-json\/wp\/v2\/media\/27290"}],"wp:attachment":[{"href":"https:\/\/www2.comunitaria.com.br\/en\/wp-json\/wp\/v2\/media?parent=27289"}],"wp:term":[{"taxonomy":"category","embeddable":true,"href":"https:\/\/www2.comunitaria.com.br\/en\/wp-json\/wp\/v2\/categories?post=27289"},{"taxonomy":"post_tag","embeddable":true,"href":"https:\/\/www2.comunitaria.com.br\/en\/wp-json\/wp\/v2\/tags?post=27289"}],"curies":[{"name":"wp","href":"https:\/\/api.w.org\/{rel}","templated":true}]}}