{"id":27279,"date":"2017-06-29T10:17:40","date_gmt":"2017-06-29T12:17:40","guid":{"rendered":"http:\/\/www2.comunitaria.com.br\/?p=27279"},"modified":"2017-06-29T10:17:40","modified_gmt":"2017-06-29T12:17:40","slug":"burmann-e-reeleito-reitor-da-ufsm","status":"publish","type":"post","link":"https:\/\/www2.comunitaria.com.br\/en\/burmann-e-reeleito-reitor-da-ufsm\/","title":{"rendered":"Burmann \u00e9 reeleito reitor da UFSM"},"content":{"rendered":"<p style=\"text-align: justify;\">Depois de dois dias de vota\u00e7\u00e3o a comunidade acad\u00eamica da UFSM elegeu novamente o professor Paulo Afonso Burmann como reitor por mais quatro anos.&nbsp; Os primeiros votos do pleito come\u00e7aram a ser&nbsp; contabilizados por volta das 23h30min desta quarta-feira,28. Burmann&nbsp; e seu vice-reitor, professor Luciano Shuch, largaram da frente desde a primeira parcial. Burmann e Schuch venceram a consulta popular com 5.827 votos. Dalvan e Pedro ficaram em segundo lugar, com 4.015 votos. Helenise e Laura, da Chapa 3, somaram 1.977.&nbsp;<\/p>\n<p style=\"text-align: justify;\">N\u00f3s estamos vivendo um momento muito especial e a perspectiva que n\u00f3s estamos enfrentando hoje de uma mudan\u00e7a ainda mais significativa para a Universidade est\u00e1 representada nesta aprova\u00e7\u00e3o do projeto Voar Mais Alto, que agora \u00e9 o projeto Para Mudar Ainda Mais, ressaltou Burmann.&nbsp;<\/p>\n<p style=\"text-align: justify;\">O atual reitor da UFSM \u00e9 formando em&nbsp;<b>Odontologia<\/b>&nbsp;pela institui\u00e7\u00e3o e doutor em materiais dent\u00e1rios pela Universidade de S\u00e3o Paulo (USP). Na Federal, \u00e9 professor de Odontologia Restauradora. Nasceu em Catu\u00edpe (RS).<\/p>\n<p style=\"text-align: justify;\">&nbsp;<\/p>\n<p style=\"text-align: justify;\">Foto: Gabriela Perufo\\NewCO<\/p>","protected":false},"excerpt":{"rendered":"<p>Depois de dois dias de vota\u00e7\u00e3o a comunidade acad\u00eamica da UFSM elegeu novamente o professor Paulo Afonso Burmann como reitor por mais quatro anos.&nbsp; Os primeiros votos do pleito come\u00e7aram a ser&nbsp; contabilizados por volta das 23h30min desta quarta-feira,28. Burmann&nbsp; e seu vice-reitor, professor Luciano Shuch, largaram da frente desde a primeira parcial. Burmann e<\/p>\n<div class=\"read-more-wrapper\"><a class=\"read-more\" href=\"https:\/\/www2.comunitaria.com.br\/en\/burmann-e-reeleito-reitor-da-ufsm\/\" title=\"Read More\"> <span class=\"button\">Read More<\/span><\/a><\/div>","protected":false},"author":2,"featured_media":27288,"comment_status":"open","ping_status":"closed","sticky":false,"template":"","format":"standard","meta":{"ngg_post_thumbnail":0,"footnotes":""},"categories":[47,44,46,42,33,38,43],"tags":[399,3272,148],"class_list":["post-27279","post","type-post","status-publish","format-standard","has-post-thumbnail","hentry","category-brasil","category-educacao","category-estado","category-fred-west","category-noticias","category-politica","category-regiao","tag-eleicao","tag-reitor","tag-ufsm"],"amp_enabled":true,"_links":{"self":[{"href":"https:\/\/www2.comunitaria.com.br\/en\/wp-json\/wp\/v2\/posts\/27279","targetHints":{"allow":["GET"]}}],"collection":[{"href":"https:\/\/www2.comunitaria.com.br\/en\/wp-json\/wp\/v2\/posts"}],"about":[{"href":"https:\/\/www2.comunitaria.com.br\/en\/wp-json\/wp\/v2\/types\/post"}],"author":[{"embeddable":true,"href":"https:\/\/www2.comunitaria.com.br\/en\/wp-json\/wp\/v2\/users\/2"}],"replies":[{"embeddable":true,"href":"https:\/\/www2.comunitaria.com.br\/en\/wp-json\/wp\/v2\/comments?post=27279"}],"version-history":[{"count":0,"href":"https:\/\/www2.comunitaria.com.br\/en\/wp-json\/wp\/v2\/posts\/27279\/revisions"}],"wp:featuredmedia":[{"embeddable":true,"href":"https:\/\/www2.comunitaria.com.br\/en\/wp-json\/wp\/v2\/media\/27288"}],"wp:attachment":[{"href":"https:\/\/www2.comunitaria.com.br\/en\/wp-json\/wp\/v2\/media?parent=27279"}],"wp:term":[{"taxonomy":"category","embeddable":true,"href":"https:\/\/www2.comunitaria.com.br\/en\/wp-json\/wp\/v2\/categories?post=27279"},{"taxonomy":"post_tag","embeddable":true,"href":"https:\/\/www2.comunitaria.com.br\/en\/wp-json\/wp\/v2\/tags?post=27279"}],"curies":[{"name":"wp","href":"https:\/\/api.w.org\/{rel}","templated":true}]}}