{"id":27085,"date":"2017-06-23T12:39:05","date_gmt":"2017-06-23T14:39:05","guid":{"rendered":"http:\/\/www2.comunitaria.com.br\/?p=27085"},"modified":"2017-06-23T12:39:05","modified_gmt":"2017-06-23T14:39:05","slug":"jantar-sera-o-maior-evento-da-historia-do-uniao-frederiquense-afirma-presidente-do-clube","status":"publish","type":"post","link":"https:\/\/www2.comunitaria.com.br\/en\/jantar-sera-o-maior-evento-da-historia-do-uniao-frederiquense-afirma-presidente-do-clube\/","title":{"rendered":"&#8220;Jantar ser\u00e1 o maior evento da hist\u00f3ria do Uni\u00e3o Frederiquense&#8221; afirma presidente do clube"},"content":{"rendered":"<p style=\"text-align: justify;\">S\u00e1bado, dia 24 de junho n\u00e3o ser\u00e1 apenas mais um s\u00e1bado. Em obras aceleradas em seu est\u00e1dio, o Uni\u00e3o Frederiquense preparou uma noite que promete ficar na hist\u00f3ria.<\/p>\n<p style=\"text-align: justify;\">Um jantar no Clube Harmonia apresentar\u00e1 o andamento das obras da nova Arena e coroar\u00e1 os ex-jogadores da dupla GreNal, Danrlei e \u00cdndio, como embaixadores da nova casa tricolor. Antes do evento a noite, os dois conhecer\u00e3o a Arena pela pare da tarde, onde aut\u00f3grafos ser\u00e3o distribu\u00eddos e camisas do clube doadas a crian\u00e7as previamente cadastradas durante a semana.<\/p>\n<p style=\"text-align: justify;\">Restam cerca de 40 ingressos a serem comercializados, na loja Marion Sports, na sede Administrativa do Uni\u00e3o e durante o s\u00e1bado de manh\u00e3, momento que uma a\u00e7\u00e3o promovida pela torcida organizada Guerreiros Da Geral estar\u00e1 na pra\u00e7a para comercializar as \u00faltimas unidades. O evento ter\u00e1 a apresenta\u00e7\u00e3o de Rafael Kolling, jornalista da R\u00e1dio Ga\u00facha.<\/p>\n<p style=\"text-align: justify;\">O presidente do Uni\u00e3o, Edson Cantarelli, fala que o evento ser\u00e1 um dos grandes momentos do clube em sua hist\u00f3ria:<\/p>\n<!--[if lt IE 9]><script>document.createElement('audio');<\/script><![endif]-->\n<audio class=\"wp-audio-shortcode\" id=\"audio-27085-1\" preload=\"none\" style=\"width: 100%;\" controls=\"controls\"><source type=\"audio\/mpeg\" src=\"http:\/\/www2.comunitaria.com.br\/wp-content\/uploads\/2017\/06\/canteareli.mp3?_=1\" \/><a href=\"http:\/\/www2.comunitaria.com.br\/wp-content\/uploads\/2017\/06\/canteareli.mp3\">http:\/\/www2.comunitaria.com.br\/wp-content\/uploads\/2017\/06\/canteareli.mp3<\/a><\/audio>\n<p>O jantar tem inicio marcado para as 20 horas, garanta o seu ingresso &nbsp;e fa\u00e7a parte desse momento \u00fanico na hist\u00f3ria do clube da nossa cidade.&nbsp;<\/p>\n<p>&nbsp;<\/p>\n<p>&nbsp;<\/p>","protected":false},"excerpt":{"rendered":"<p>S\u00e1bado, dia 24 de junho n\u00e3o ser\u00e1 apenas mais um s\u00e1bado. Em obras aceleradas em seu est\u00e1dio, o Uni\u00e3o Frederiquense preparou uma noite que promete ficar na hist\u00f3ria. Um jantar no Clube Harmonia apresentar\u00e1 o andamento das obras da nova Arena e coroar\u00e1 os ex-jogadores da dupla GreNal, Danrlei e \u00cdndio, como embaixadores da nova<\/p>\n<div class=\"read-more-wrapper\"><a class=\"read-more\" href=\"https:\/\/www2.comunitaria.com.br\/en\/jantar-sera-o-maior-evento-da-historia-do-uniao-frederiquense-afirma-presidente-do-clube\/\" title=\"Read More\"> <span class=\"button\">Read More<\/span><\/a><\/div>","protected":false},"author":2,"featured_media":27087,"comment_status":"open","ping_status":"closed","sticky":false,"template":"","format":"standard","meta":{"ngg_post_thumbnail":0,"footnotes":""},"categories":[50,34,46,43,48],"tags":[3535,465,792,86,688],"class_list":["post-27085","post","type-post","status-publish","format-standard","has-post-thumbnail","hentry","category-campeonatos-locais","category-esportes","category-estado","category-regiao","category-uniao-frederiquense","tag-arena-uniao","tag-esporte","tag-jantar","tag-regiao-2","tag-uniao-frederiquense"],"amp_enabled":true,"_links":{"self":[{"href":"https:\/\/www2.comunitaria.com.br\/en\/wp-json\/wp\/v2\/posts\/27085","targetHints":{"allow":["GET"]}}],"collection":[{"href":"https:\/\/www2.comunitaria.com.br\/en\/wp-json\/wp\/v2\/posts"}],"about":[{"href":"https:\/\/www2.comunitaria.com.br\/en\/wp-json\/wp\/v2\/types\/post"}],"author":[{"embeddable":true,"href":"https:\/\/www2.comunitaria.com.br\/en\/wp-json\/wp\/v2\/users\/2"}],"replies":[{"embeddable":true,"href":"https:\/\/www2.comunitaria.com.br\/en\/wp-json\/wp\/v2\/comments?post=27085"}],"version-history":[{"count":0,"href":"https:\/\/www2.comunitaria.com.br\/en\/wp-json\/wp\/v2\/posts\/27085\/revisions"}],"wp:featuredmedia":[{"embeddable":true,"href":"https:\/\/www2.comunitaria.com.br\/en\/wp-json\/wp\/v2\/media\/27087"}],"wp:attachment":[{"href":"https:\/\/www2.comunitaria.com.br\/en\/wp-json\/wp\/v2\/media?parent=27085"}],"wp:term":[{"taxonomy":"category","embeddable":true,"href":"https:\/\/www2.comunitaria.com.br\/en\/wp-json\/wp\/v2\/categories?post=27085"},{"taxonomy":"post_tag","embeddable":true,"href":"https:\/\/www2.comunitaria.com.br\/en\/wp-json\/wp\/v2\/tags?post=27085"}],"curies":[{"name":"wp","href":"https:\/\/api.w.org\/{rel}","templated":true}]}}