{"id":26914,"date":"2017-06-08T16:33:44","date_gmt":"2017-06-08T18:33:44","guid":{"rendered":"http:\/\/www2.comunitaria.com.br\/?p=26914"},"modified":"2017-06-08T16:33:44","modified_gmt":"2017-06-08T18:33:44","slug":"homem-morre-afogado-no-interior-de-jaboticaba","status":"publish","type":"post","link":"https:\/\/www2.comunitaria.com.br\/en\/homem-morre-afogado-no-interior-de-jaboticaba\/","title":{"rendered":"Homem morre afogado no interior de Jaboticaba"},"content":{"rendered":"<p style=\"text-align: justify;\">Davirlei Fagundes de Silva, agricultor que residia no interior de Jaboticaba foi encontrado sem vida na tarde de ontem, 7, ap\u00f3s cair em uma sanga pr\u00f3ximo a sua propriedade. De acordo com informa\u00e7\u00f5es, o homem estaria cuidando dos animais e, devido a intensidade da chuva, acabou caindo no rio.&nbsp;O corpo foi levado pela correnteza por cerca de 500 metros e foi encontrado com diversos ferimentos.&nbsp;<\/p>\n<p style=\"text-align: justify;\">&nbsp;<\/p>","protected":false},"excerpt":{"rendered":"<p>Davirlei Fagundes de Silva, agricultor que residia no interior de Jaboticaba foi encontrado sem vida na tarde de ontem, 7, ap\u00f3s cair em uma sanga pr\u00f3ximo a sua propriedade. De acordo com informa\u00e7\u00f5es, o homem estaria cuidando dos animais e, devido a intensidade da chuva, acabou caindo no rio.&nbsp;O corpo foi levado pela correnteza por<\/p>\n<div class=\"read-more-wrapper\"><a class=\"read-more\" href=\"https:\/\/www2.comunitaria.com.br\/en\/homem-morre-afogado-no-interior-de-jaboticaba\/\" title=\"Read More\"> <span class=\"button\">Read More<\/span><\/a><\/div>","protected":false},"author":2,"featured_media":25502,"comment_status":"open","ping_status":"closed","sticky":false,"template":"","format":"standard","meta":{"ngg_post_thumbnail":0,"footnotes":""},"categories":[33,36,43],"tags":[1453,97,177,86],"class_list":["post-26914","post","type-post","status-publish","format-standard","has-post-thumbnail","hentry","category-noticias","category-policia","category-regiao","tag-jaboticaba","tag-morte","tag-policia-2","tag-regiao-2"],"amp_enabled":true,"_links":{"self":[{"href":"https:\/\/www2.comunitaria.com.br\/en\/wp-json\/wp\/v2\/posts\/26914","targetHints":{"allow":["GET"]}}],"collection":[{"href":"https:\/\/www2.comunitaria.com.br\/en\/wp-json\/wp\/v2\/posts"}],"about":[{"href":"https:\/\/www2.comunitaria.com.br\/en\/wp-json\/wp\/v2\/types\/post"}],"author":[{"embeddable":true,"href":"https:\/\/www2.comunitaria.com.br\/en\/wp-json\/wp\/v2\/users\/2"}],"replies":[{"embeddable":true,"href":"https:\/\/www2.comunitaria.com.br\/en\/wp-json\/wp\/v2\/comments?post=26914"}],"version-history":[{"count":0,"href":"https:\/\/www2.comunitaria.com.br\/en\/wp-json\/wp\/v2\/posts\/26914\/revisions"}],"wp:featuredmedia":[{"embeddable":true,"href":"https:\/\/www2.comunitaria.com.br\/en\/wp-json\/wp\/v2\/media\/25502"}],"wp:attachment":[{"href":"https:\/\/www2.comunitaria.com.br\/en\/wp-json\/wp\/v2\/media?parent=26914"}],"wp:term":[{"taxonomy":"category","embeddable":true,"href":"https:\/\/www2.comunitaria.com.br\/en\/wp-json\/wp\/v2\/categories?post=26914"},{"taxonomy":"post_tag","embeddable":true,"href":"https:\/\/www2.comunitaria.com.br\/en\/wp-json\/wp\/v2\/tags?post=26914"}],"curies":[{"name":"wp","href":"https:\/\/api.w.org\/{rel}","templated":true}]}}