{"id":26910,"date":"2017-06-08T13:12:13","date_gmt":"2017-06-08T15:12:13","guid":{"rendered":"http:\/\/www2.comunitaria.com.br\/?p=26910"},"modified":"2017-06-08T13:13:22","modified_gmt":"2017-06-08T15:13:22","slug":"ministerio-publico-e-contra-interdicao-do-presidio-de-fw","status":"publish","type":"post","link":"https:\/\/www2.comunitaria.com.br\/en\/ministerio-publico-e-contra-interdicao-do-presidio-de-fw\/","title":{"rendered":"Minist\u00e9rio P\u00fablico \u00e9 contra interdi\u00e7\u00e3o do Pres\u00eddio de FW"},"content":{"rendered":"<p style=\"text-align: justify;\">Em coletiva de imprensa realizada na manh\u00e3 desta quinta-feira,8, o Minist\u00e9rio P\u00fablico de Frederico Westphalen, por meio do Promotor de Justi\u00e7a Jo\u00e3o Pedro Togni, apresentou o posicionamento da entidade em rela\u00e7\u00e3o ao pedido de interdi\u00e7\u00e3o do Pres\u00eddio Estadual de FW, que foi protocolado pela defensoria p\u00fablica na semana passada.&nbsp;<\/p>\n<p style=\"text-align: justify;\">Togni afirmou que o MP \u00e9 contrario a interdi\u00e7\u00e3o, uma vez que acredita que essa medida n\u00e3o \u00e9 a mais adequada. O promotor fala sobre os principais motivos para tal posicionamento do MP:<\/p>\n<!--[if lt IE 9]><script>document.createElement('audio');<\/script><![endif]-->\n<audio class=\"wp-audio-shortcode\" id=\"audio-26910-1\" preload=\"none\" style=\"width: 100%;\" controls=\"controls\"><source type=\"audio\/mpeg\" src=\"http:\/\/www2.comunitaria.com.br\/wp-content\/uploads\/2017\/06\/MP-Coletiva.mp3?_=1\" \/><a href=\"http:\/\/www2.comunitaria.com.br\/wp-content\/uploads\/2017\/06\/MP-Coletiva.mp3\">http:\/\/www2.comunitaria.com.br\/wp-content\/uploads\/2017\/06\/MP-Coletiva.mp3<\/a><\/audio>\n<p style=\"text-align: justify;\">A posi\u00e7\u00e3o do MP ser\u00e1 entregue ao Poder Judici\u00e1rio ainda hoje, para analise. A Susupe j\u00e1 aprovou o projeto para constru\u00e7\u00e3o de mais celas no pres\u00eddio de FW.<\/p>\n<p><strong>&nbsp;<\/strong><\/p>","protected":false},"excerpt":{"rendered":"<p>Em coletiva de imprensa realizada na manh\u00e3 desta quinta-feira,8, o Minist\u00e9rio P\u00fablico de Frederico Westphalen, por meio do Promotor de Justi\u00e7a Jo\u00e3o Pedro Togni, apresentou o posicionamento da entidade em rela\u00e7\u00e3o ao pedido de interdi\u00e7\u00e3o do Pres\u00eddio Estadual de FW, que foi protocolado pela defensoria p\u00fablica na semana passada.&nbsp; Togni afirmou que o MP \u00e9<\/p>\n<div class=\"read-more-wrapper\"><a class=\"read-more\" href=\"https:\/\/www2.comunitaria.com.br\/en\/ministerio-publico-e-contra-interdicao-do-presidio-de-fw\/\" title=\"Read More\"> <span class=\"button\">Read More<\/span><\/a><\/div>","protected":false},"author":2,"featured_media":26912,"comment_status":"open","ping_status":"closed","sticky":false,"template":"","format":"standard","meta":{"ngg_post_thumbnail":0,"footnotes":""},"categories":[993,46,42,33],"tags":[519,318,156,86],"class_list":["post-26910","post","type-post","status-publish","format-standard","has-post-thumbnail","hentry","category-entrevista","category-estado","category-fred-west","category-noticias","tag-estado-2","tag-ministerio-publico","tag-presidio","tag-regiao-2"],"amp_enabled":true,"_links":{"self":[{"href":"https:\/\/www2.comunitaria.com.br\/en\/wp-json\/wp\/v2\/posts\/26910","targetHints":{"allow":["GET"]}}],"collection":[{"href":"https:\/\/www2.comunitaria.com.br\/en\/wp-json\/wp\/v2\/posts"}],"about":[{"href":"https:\/\/www2.comunitaria.com.br\/en\/wp-json\/wp\/v2\/types\/post"}],"author":[{"embeddable":true,"href":"https:\/\/www2.comunitaria.com.br\/en\/wp-json\/wp\/v2\/users\/2"}],"replies":[{"embeddable":true,"href":"https:\/\/www2.comunitaria.com.br\/en\/wp-json\/wp\/v2\/comments?post=26910"}],"version-history":[{"count":0,"href":"https:\/\/www2.comunitaria.com.br\/en\/wp-json\/wp\/v2\/posts\/26910\/revisions"}],"wp:featuredmedia":[{"embeddable":true,"href":"https:\/\/www2.comunitaria.com.br\/en\/wp-json\/wp\/v2\/media\/26912"}],"wp:attachment":[{"href":"https:\/\/www2.comunitaria.com.br\/en\/wp-json\/wp\/v2\/media?parent=26910"}],"wp:term":[{"taxonomy":"category","embeddable":true,"href":"https:\/\/www2.comunitaria.com.br\/en\/wp-json\/wp\/v2\/categories?post=26910"},{"taxonomy":"post_tag","embeddable":true,"href":"https:\/\/www2.comunitaria.com.br\/en\/wp-json\/wp\/v2\/tags?post=26910"}],"curies":[{"name":"wp","href":"https:\/\/api.w.org\/{rel}","templated":true}]}}