{"id":26810,"date":"2017-06-01T21:03:37","date_gmt":"2017-06-01T23:03:37","guid":{"rendered":"http:\/\/www2.comunitaria.com.br\/?p=26810"},"modified":"2017-06-01T21:06:29","modified_gmt":"2017-06-01T23:06:29","slug":"monsenhor-vitor-batistella-recebe-atividades-do-festival-da-juventude","status":"publish","type":"post","link":"https:\/\/www2.comunitaria.com.br\/en\/monsenhor-vitor-batistella-recebe-atividades-do-festival-da-juventude\/","title":{"rendered":"Escola Monsenhor Vitor Batistella recebe atividades do Festival da Juventude"},"content":{"rendered":"<p style=\"text-align: justify;\">A tarde desta quinta-feira, 1, foi marcada pelo andamento das atividades do projeto &#8220;Festival da Juventude &#8211; A\u00e7\u00f5es em Escolas P\u00fablicas&#8221;, desta vez na EEEF Monsenhor Vitor Batistella.<\/p>\n<p style=\"text-align: justify;\">Na ocasi\u00e3o, foi realizado torneio de futebol, oficinas de taekwondo e disponibilizada cama el\u00e1stica para todos. Al\u00e9m disso, houve palestra com Isaac Souza, este que abordou temas como juventude, esporte, drogas e outros desafios. Tamb\u00e9m promoveu<span class=\"text_exposed_show\"> breve oficina de graffiti e skate.<\/span><\/p>\n<div class=\"text_exposed_show\">\n<p style=\"text-align: justify;\">O evento \u00e9 uma realiza\u00e7\u00e3o da CUFA\/FW e Prefeitura Municipal de Frederico Westphalen, Secretaria Municipal de Juventude, Esporte e Lazer.<\/p>\n<\/div>","protected":false},"excerpt":{"rendered":"<p>A tarde desta quinta-feira, 1, foi marcada pelo andamento das atividades do projeto &#8220;Festival da Juventude &#8211; A\u00e7\u00f5es em Escolas P\u00fablicas&#8221;, desta vez na EEEF Monsenhor Vitor Batistella. Na ocasi\u00e3o,&#8230;<\/p>","protected":false},"author":2,"featured_media":26811,"comment_status":"open","ping_status":"closed","sticky":false,"template":"","format":"standard","meta":{"ngg_post_thumbnail":0,"footnotes":""},"categories":[44,42,33,35],"tags":[2555,1876,2468,413,82,117],"class_list":["post-26810","post","type-post","status-publish","format-standard","has-post-thumbnail","hentry","category-educacao","category-fred-west","category-noticias","category-variedades","tag-acoes","tag-atividades","tag-cufafw","tag-educacao-2","tag-frederico-westphalen","tag-projeto"],"amp_enabled":true,"_links":{"self":[{"href":"https:\/\/www2.comunitaria.com.br\/en\/wp-json\/wp\/v2\/posts\/26810","targetHints":{"allow":["GET"]}}],"collection":[{"href":"https:\/\/www2.comunitaria.com.br\/en\/wp-json\/wp\/v2\/posts"}],"about":[{"href":"https:\/\/www2.comunitaria.com.br\/en\/wp-json\/wp\/v2\/types\/post"}],"author":[{"embeddable":true,"href":"https:\/\/www2.comunitaria.com.br\/en\/wp-json\/wp\/v2\/users\/2"}],"replies":[{"embeddable":true,"href":"https:\/\/www2.comunitaria.com.br\/en\/wp-json\/wp\/v2\/comments?post=26810"}],"version-history":[{"count":0,"href":"https:\/\/www2.comunitaria.com.br\/en\/wp-json\/wp\/v2\/posts\/26810\/revisions"}],"wp:featuredmedia":[{"embeddable":true,"href":"https:\/\/www2.comunitaria.com.br\/en\/wp-json\/wp\/v2\/media\/26811"}],"wp:attachment":[{"href":"https:\/\/www2.comunitaria.com.br\/en\/wp-json\/wp\/v2\/media?parent=26810"}],"wp:term":[{"taxonomy":"category","embeddable":true,"href":"https:\/\/www2.comunitaria.com.br\/en\/wp-json\/wp\/v2\/categories?post=26810"},{"taxonomy":"post_tag","embeddable":true,"href":"https:\/\/www2.comunitaria.com.br\/en\/wp-json\/wp\/v2\/tags?post=26810"}],"curies":[{"name":"wp","href":"https:\/\/api.w.org\/{rel}","templated":true}]}}