{"id":26724,"date":"2017-05-30T10:05:14","date_gmt":"2017-05-30T12:05:14","guid":{"rendered":"http:\/\/www2.comunitaria.com.br\/?p=26724"},"modified":"2017-05-30T10:05:41","modified_gmt":"2017-05-30T12:05:41","slug":"26724-2","status":"publish","type":"post","link":"https:\/\/www2.comunitaria.com.br\/en\/26724-2\/","title":{"rendered":"Legislativo Frederiquense presta homenagem a Uri"},"content":{"rendered":"<p style=\"text-align: justify;\">S\u00e3o 25 anos em que a Universidade Regional Integrada do Alto Uruguai e das Miss\u00f5es atua com dedica\u00e7\u00e3o e comprometimento em Frederico Westphalen. Foi pensando nisso que a C\u00e2mara de Vereadores resolveu prestar uma homenagem a essa importante institui\u00e7\u00e3o.<\/p>\n<p style=\"text-align: justify;\">Em ato solene realizado na noite desta segunda-feira, 29,no Sal\u00e3o de Atos da URI\/FW, o legislativo frederiquense se reuniu para homenagear a entidade. O presidente da C\u00e2mara, Jaques de Oliveira, ressaltou a import\u00e2ncia da Uri para a cidade e regi\u00e3o:<\/p>\n<!--[if lt IE 9]><script>document.createElement('audio');<\/script><![endif]-->\n<audio class=\"wp-audio-shortcode\" id=\"audio-26724-1\" preload=\"none\" style=\"width: 100%;\" controls=\"controls\"><source type=\"audio\/mpeg\" src=\"http:\/\/www2.comunitaria.com.br\/wp-content\/uploads\/2017\/05\/jaques.mp3?_=1\" \/><a href=\"http:\/\/www2.comunitaria.com.br\/wp-content\/uploads\/2017\/05\/jaques.mp3\">http:\/\/www2.comunitaria.com.br\/wp-content\/uploads\/2017\/05\/jaques.mp3<\/a><\/audio>\n<p style=\"text-align: justify;\">O primeiro-secret\u00e1rio do legislativo, vereador Jo\u00e3o Vendrusculo, tamb\u00e9m falou sobre o a homenagem:<\/p>\n<audio class=\"wp-audio-shortcode\" id=\"audio-26724-2\" preload=\"none\" style=\"width: 100%;\" controls=\"controls\"><source type=\"audio\/mpeg\" src=\"http:\/\/www2.comunitaria.com.br\/wp-content\/uploads\/2017\/05\/jo\u00e3o-vendruscolo.mp3?_=2\" \/><a href=\"http:\/\/www2.comunitaria.com.br\/wp-content\/uploads\/2017\/05\/jo\u00e3o-vendruscolo.mp3\">http:\/\/www2.comunitaria.com.br\/wp-content\/uploads\/2017\/05\/jo\u00e3o-vendruscolo.mp3<\/a><\/audio>\n<p style=\"text-align: justify;\">A diretora geral da Uri, professora Silvia Regina Canan, agradeceu a c\u00e2mara em nome da Universidade:<\/p>\n<audio class=\"wp-audio-shortcode\" id=\"audio-26724-3\" preload=\"none\" style=\"width: 100%;\" controls=\"controls\"><source type=\"audio\/mpeg\" src=\"http:\/\/www2.comunitaria.com.br\/wp-content\/uploads\/2017\/05\/Silvia-1.mp3?_=3\" \/><a href=\"http:\/\/www2.comunitaria.com.br\/wp-content\/uploads\/2017\/05\/Silvia-1.mp3\">http:\/\/www2.comunitaria.com.br\/wp-content\/uploads\/2017\/05\/Silvia-1.mp3<\/a><\/audio>\n<p style=\"text-align: justify;\">Al\u00e9m de vereadores e membros da comunidade acad\u00eamica da Uri, a comunidade local e regional participaram do ato, assim como representantes de outras institui\u00e7\u00f5es do munic\u00edpio.<\/p>\n<p>&nbsp;<\/p>\n<p>&nbsp;<\/p>","protected":false},"excerpt":{"rendered":"<p>S\u00e3o 25 anos em que a Universidade Regional Integrada do Alto Uruguai e das Miss\u00f5es atua com dedica\u00e7\u00e3o e comprometimento em Frederico Westphalen. Foi pensando nisso que a C\u00e2mara de Vereadores resolveu prestar uma homenagem a essa importante institui\u00e7\u00e3o. Em ato solene realizado na noite desta segunda-feira, 29,no Sal\u00e3o de Atos da URI\/FW, o legislativo<\/p>\n<div class=\"read-more-wrapper\"><a class=\"read-more\" href=\"https:\/\/www2.comunitaria.com.br\/en\/26724-2\/\" title=\"Read More\"> <span class=\"button\">Read More<\/span><\/a><\/div>","protected":false},"author":2,"featured_media":26730,"comment_status":"open","ping_status":"closed","sticky":false,"template":"","format":"standard","meta":{"ngg_post_thumbnail":0,"footnotes":""},"categories":[51,44,993,42,33,43],"tags":[413,82,86,141],"class_list":["post-26724","post","type-post","status-publish","format-standard","has-post-thumbnail","hentry","category-audio","category-educacao","category-entrevista","category-fred-west","category-noticias","category-regiao","tag-educacao-2","tag-frederico-westphalen","tag-regiao-2","tag-uri"],"amp_enabled":true,"_links":{"self":[{"href":"https:\/\/www2.comunitaria.com.br\/en\/wp-json\/wp\/v2\/posts\/26724","targetHints":{"allow":["GET"]}}],"collection":[{"href":"https:\/\/www2.comunitaria.com.br\/en\/wp-json\/wp\/v2\/posts"}],"about":[{"href":"https:\/\/www2.comunitaria.com.br\/en\/wp-json\/wp\/v2\/types\/post"}],"author":[{"embeddable":true,"href":"https:\/\/www2.comunitaria.com.br\/en\/wp-json\/wp\/v2\/users\/2"}],"replies":[{"embeddable":true,"href":"https:\/\/www2.comunitaria.com.br\/en\/wp-json\/wp\/v2\/comments?post=26724"}],"version-history":[{"count":0,"href":"https:\/\/www2.comunitaria.com.br\/en\/wp-json\/wp\/v2\/posts\/26724\/revisions"}],"wp:featuredmedia":[{"embeddable":true,"href":"https:\/\/www2.comunitaria.com.br\/en\/wp-json\/wp\/v2\/media\/26730"}],"wp:attachment":[{"href":"https:\/\/www2.comunitaria.com.br\/en\/wp-json\/wp\/v2\/media?parent=26724"}],"wp:term":[{"taxonomy":"category","embeddable":true,"href":"https:\/\/www2.comunitaria.com.br\/en\/wp-json\/wp\/v2\/categories?post=26724"},{"taxonomy":"post_tag","embeddable":true,"href":"https:\/\/www2.comunitaria.com.br\/en\/wp-json\/wp\/v2\/tags?post=26724"}],"curies":[{"name":"wp","href":"https:\/\/api.w.org\/{rel}","templated":true}]}}