{"id":2655,"date":"2015-02-22T19:55:10","date_gmt":"2015-02-22T21:55:10","guid":{"rendered":"http:\/\/www2.comunitaria.com.br\/?p=2655"},"modified":"2015-02-23T10:52:57","modified_gmt":"2015-02-23T12:52:57","slug":"uniao-perde-de-1-a-0-para-o-cruzeiro","status":"publish","type":"post","link":"https:\/\/www2.comunitaria.com.br\/en\/uniao-perde-de-1-a-0-para-o-cruzeiro\/","title":{"rendered":"Uni\u00e3o perde de 1 a 0 para o Cruzeiro"},"content":{"rendered":"<p style=\"text-align: justify;\">Ainda correndo atr\u00e1s da primeira vit\u00f3ria na competi\u00e7\u00e3o, neste domingo, dia 22, o Uni\u00e3o foi a Gravata\u00ed enfrentar o Cruzeiro, pela 7\u00ba rodada do Gauch\u00e3o 2015.<\/p>\n<p style=\"text-align: justify;\">N\u00e3o podendo contar com o zagueiro J\u00fanior Carvalho e do lateral-esquerdo Juca, por problemas musculares, do meia Adilson, com problemas na virilha e do meia Juninho Botelho, que voltou a \u00a0sentir problemas musculares, o T\u00e9cnico Beto Almeida levou a campo: Nicolas, R\u00e9gis, Marcel\u00e3o e Fred, Bonnes, Almir e Jonas, Jovany, Ricardinho, Marcio Bambu e Josiel.<\/p>\n<p style=\"text-align: justify;\">No primeiro tempo o jogo se manteve equilibrado com cria\u00e7\u00f5es e jogadas a gol de ambas as equipes, no entanto a primeira etapa terminou sem gols.<\/p>\n<p style=\"text-align: justify;\">Na etapa complementar, tanto Uni\u00e3o quanto Cruzeiro retornaram sem altera\u00e7\u00f5es e mantendo a mesma estrat\u00e9gia. Aos 13min Ricardinho lesionado deu lugar a Ronaldinho Gramadense. Logo depois o t\u00e9cnico Beto Almeida trocou Marcio Bambu que saiu e deu lugar a Maranh\u00e3o.<\/p>\n<p style=\"text-align: justify;\">O primeiro gol do jogo saiu para o Cruzeiro aos 20min. Andr\u00e9 pegou o rebote do goleiro N\u00edcolas.<\/p>\n<!--[if lt IE 9]><script>document.createElement('audio');<\/script><![endif]-->\n<audio class=\"wp-audio-shortcode\" id=\"audio-2655-1\" preload=\"none\" style=\"width: 100%;\" controls=\"controls\"><source type=\"audio\/mpeg\" src=\"http:\/\/www2.comunitaria.com.br\/wp-content\/uploads\/2015\/02\/andr\u00e9-cruzeiro.mp3?_=1\" \/><a href=\"http:\/\/www2.comunitaria.com.br\/wp-content\/uploads\/2015\/02\/andr\u00e9-cruzeiro.mp3\">http:\/\/www2.comunitaria.com.br\/wp-content\/uploads\/2015\/02\/andr\u00e9-cruzeiro.mp3<\/a><\/audio>\n<p style=\"text-align: justify;\">Depois do gol o primeiro jogador estrangeiro do Uni\u00e3o entrou em campo. Aos 25min Beto Almeida tirou Jovany para entrada do argentino Patito.<\/p>\n<p style=\"text-align: justify;\">Mesmo esbo\u00e7ando certa rea\u00e7\u00e3o o Uni\u00e3o n\u00e3o conseguiu a recupera\u00e7\u00e3o e a partida encerrou Cruzeiro 1X0 Uni\u00e3o.<\/p>\n<p style=\"text-align: justify;\">No final do jogo a Dire\u00e7\u00e3o do Uni\u00e3o falou sobre a situa\u00e7\u00e3o do clube. Celson Oliveira e Giscard Salton destacaram no microfone da R\u00e1dio Comunit\u00e1ria que a dire\u00e7\u00e3o trabalha para reverter momento ruim da equipe.<\/p>\n<audio class=\"wp-audio-shortcode\" id=\"audio-2655-2\" preload=\"none\" style=\"width: 100%;\" controls=\"controls\"><source type=\"audio\/mpeg\" src=\"http:\/\/www2.comunitaria.com.br\/wp-content\/uploads\/2015\/02\/celson-giscard.mp3?_=2\" \/><a href=\"http:\/\/www2.comunitaria.com.br\/wp-content\/uploads\/2015\/02\/celson-giscard.mp3\">http:\/\/www2.comunitaria.com.br\/wp-content\/uploads\/2015\/02\/celson-giscard.mp3<\/a><\/audio>\n<p style=\"text-align: justify;\">O T\u00e9cnico Beto Almeida tamb\u00e9m avaliou o confronto e o resultado negativo.<\/p>\n<audio class=\"wp-audio-shortcode\" id=\"audio-2655-3\" preload=\"none\" style=\"width: 100%;\" controls=\"controls\"><source type=\"audio\/mpeg\" src=\"http:\/\/www2.comunitaria.com.br\/wp-content\/uploads\/2015\/02\/beto-almeida.mp3?_=3\" \/><a href=\"http:\/\/www2.comunitaria.com.br\/wp-content\/uploads\/2015\/02\/beto-almeida.mp3\">http:\/\/www2.comunitaria.com.br\/wp-content\/uploads\/2015\/02\/beto-almeida.mp3<\/a><\/audio>\n<p>Com o resultado o Uni\u00e3o permanece na ultima coloca\u00e7\u00e3o da tabela de classifica\u00e7\u00e3o com apenas 3 pontos.<\/p>\n<p>Domingo, dia primeiro de mar\u00e7o, o Le\u00e3o da Colina joga em casa, as 16h, \u00a0contra o S\u00e3o Paulo, pela 8\u00ba rodada.<\/p>\n<p style=\"text-align: justify;\"><em>Foto: Jornal O Alto Uruguai\u00a0<\/em><\/p>","protected":false},"excerpt":{"rendered":"<p>Ainda correndo atr\u00e1s da primeira vit\u00f3ria na competi\u00e7\u00e3o, neste domingo, dia 22, o Uni\u00e3o foi a Gravata\u00ed enfrentar o Cruzeiro, pela 7\u00ba rodada do Gauch\u00e3o 2015. N\u00e3o podendo contar com o zagueiro J\u00fanior Carvalho e do lateral-esquerdo Juca, por problemas musculares, do meia Adilson, com problemas na virilha e do meia Juninho Botelho, que voltou<\/p>\n<div class=\"read-more-wrapper\"><a class=\"read-more\" href=\"https:\/\/www2.comunitaria.com.br\/en\/uniao-perde-de-1-a-0-para-o-cruzeiro\/\" title=\"Read More\"> <span class=\"button\">Read More<\/span><\/a><\/div>","protected":false},"author":2,"featured_media":2657,"comment_status":"open","ping_status":"closed","sticky":false,"template":"","format":"standard","meta":{"ngg_post_thumbnail":0,"footnotes":""},"categories":[34,33,48],"tags":[761,760,124],"class_list":["post-2655","post","type-post","status-publish","format-standard","has-post-thumbnail","hentry","category-esportes","category-noticias","category-uniao-frederiquense","tag-7o-rodada","tag-cruzeiro-x-uniao","tag-gauchao-2015"],"amp_enabled":true,"_links":{"self":[{"href":"https:\/\/www2.comunitaria.com.br\/en\/wp-json\/wp\/v2\/posts\/2655","targetHints":{"allow":["GET"]}}],"collection":[{"href":"https:\/\/www2.comunitaria.com.br\/en\/wp-json\/wp\/v2\/posts"}],"about":[{"href":"https:\/\/www2.comunitaria.com.br\/en\/wp-json\/wp\/v2\/types\/post"}],"author":[{"embeddable":true,"href":"https:\/\/www2.comunitaria.com.br\/en\/wp-json\/wp\/v2\/users\/2"}],"replies":[{"embeddable":true,"href":"https:\/\/www2.comunitaria.com.br\/en\/wp-json\/wp\/v2\/comments?post=2655"}],"version-history":[{"count":0,"href":"https:\/\/www2.comunitaria.com.br\/en\/wp-json\/wp\/v2\/posts\/2655\/revisions"}],"wp:featuredmedia":[{"embeddable":true,"href":"https:\/\/www2.comunitaria.com.br\/en\/wp-json\/wp\/v2\/media\/2657"}],"wp:attachment":[{"href":"https:\/\/www2.comunitaria.com.br\/en\/wp-json\/wp\/v2\/media?parent=2655"}],"wp:term":[{"taxonomy":"category","embeddable":true,"href":"https:\/\/www2.comunitaria.com.br\/en\/wp-json\/wp\/v2\/categories?post=2655"},{"taxonomy":"post_tag","embeddable":true,"href":"https:\/\/www2.comunitaria.com.br\/en\/wp-json\/wp\/v2\/tags?post=2655"}],"curies":[{"name":"wp","href":"https:\/\/api.w.org\/{rel}","templated":true}]}}