{"id":26515,"date":"2017-05-17T10:00:12","date_gmt":"2017-05-17T12:00:12","guid":{"rendered":"http:\/\/www2.comunitaria.com.br\/?p=26515"},"modified":"2017-05-17T10:00:12","modified_gmt":"2017-05-17T12:00:12","slug":"corpo-de-homem-desaparecido-no-rio-do-mel-e-encontrado","status":"publish","type":"post","link":"https:\/\/www2.comunitaria.com.br\/en\/corpo-de-homem-desaparecido-no-rio-do-mel-e-encontrado\/","title":{"rendered":"Corpo de homem desaparecido no Rio do Mel \u00e9 encontrado"},"content":{"rendered":"<p style=\"text-align: justify;\">O corpo de&nbsp;Jovenil Ferreira de Albuquerque, de 57 anos, que estava desaparecido desde o meio dia do \u00faltimo domingo, 14, no Rio do Mel, em Ira\u00ed, &nbsp;foi encontrado no fim da tarde de&nbsp;segunda-feira, 16. De acordo com familiares, Jovenil teria sa\u00eddo para pescar e n\u00e3o retornou mais. Mergulhadores de Passo Fundo se deslocaram at\u00e9 o local e em cerca de 15 minutos localizaram o corpo, v\u00edtima de afogamento. Jovenil era morador de Soledade e estava visitando familiares em Ira\u00ed. A Pol\u00edcia Civil foi acionada e atendeu a ocorr\u00eancia.&nbsp;<\/p>\n<p style=\"text-align: justify;\"><em>Foto: O Alto Uruguai<\/em><\/p>","protected":false},"excerpt":{"rendered":"<p>O corpo de&nbsp;Jovenil Ferreira de Albuquerque, de 57 anos, que estava desaparecido desde o meio dia do \u00faltimo domingo, 14, no Rio do Mel, em Ira\u00ed, &nbsp;foi encontrado no fim da tarde de&nbsp;segunda-feira, 16. De acordo com familiares, Jovenil teria sa\u00eddo para pescar e n\u00e3o retornou mais. Mergulhadores de Passo Fundo se deslocaram at\u00e9 o<\/p>\n<div class=\"read-more-wrapper\"><a class=\"read-more\" href=\"https:\/\/www2.comunitaria.com.br\/en\/corpo-de-homem-desaparecido-no-rio-do-mel-e-encontrado\/\" title=\"Read More\"> <span class=\"button\">Read More<\/span><\/a><\/div>","protected":false},"author":2,"featured_media":26518,"comment_status":"open","ping_status":"closed","sticky":false,"template":"","format":"standard","meta":{"ngg_post_thumbnail":0,"footnotes":""},"categories":[33,36,43],"tags":[285,172,177,86],"class_list":["post-26515","post","type-post","status-publish","format-standard","has-post-thumbnail","hentry","category-noticias","category-policia","category-regiao","tag-afogamento","tag-irai","tag-policia-2","tag-regiao-2"],"amp_enabled":true,"_links":{"self":[{"href":"https:\/\/www2.comunitaria.com.br\/en\/wp-json\/wp\/v2\/posts\/26515","targetHints":{"allow":["GET"]}}],"collection":[{"href":"https:\/\/www2.comunitaria.com.br\/en\/wp-json\/wp\/v2\/posts"}],"about":[{"href":"https:\/\/www2.comunitaria.com.br\/en\/wp-json\/wp\/v2\/types\/post"}],"author":[{"embeddable":true,"href":"https:\/\/www2.comunitaria.com.br\/en\/wp-json\/wp\/v2\/users\/2"}],"replies":[{"embeddable":true,"href":"https:\/\/www2.comunitaria.com.br\/en\/wp-json\/wp\/v2\/comments?post=26515"}],"version-history":[{"count":0,"href":"https:\/\/www2.comunitaria.com.br\/en\/wp-json\/wp\/v2\/posts\/26515\/revisions"}],"wp:featuredmedia":[{"embeddable":true,"href":"https:\/\/www2.comunitaria.com.br\/en\/wp-json\/wp\/v2\/media\/26518"}],"wp:attachment":[{"href":"https:\/\/www2.comunitaria.com.br\/en\/wp-json\/wp\/v2\/media?parent=26515"}],"wp:term":[{"taxonomy":"category","embeddable":true,"href":"https:\/\/www2.comunitaria.com.br\/en\/wp-json\/wp\/v2\/categories?post=26515"},{"taxonomy":"post_tag","embeddable":true,"href":"https:\/\/www2.comunitaria.com.br\/en\/wp-json\/wp\/v2\/tags?post=26515"}],"curies":[{"name":"wp","href":"https:\/\/api.w.org\/{rel}","templated":true}]}}