{"id":26402,"date":"2017-05-09T10:49:54","date_gmt":"2017-05-09T12:49:54","guid":{"rendered":"http:\/\/www2.comunitaria.com.br\/?p=26402"},"modified":"2017-05-09T10:51:52","modified_gmt":"2017-05-09T12:51:52","slug":"motociclista-morre-apos-colisao-em-alpestre","status":"publish","type":"post","link":"https:\/\/www2.comunitaria.com.br\/en\/motociclista-morre-apos-colisao-em-alpestre\/","title":{"rendered":"Motociclista morre ap\u00f3s colis\u00e3o em Planalto"},"content":{"rendered":"<p style=\"text-align: justify;\">Um motociclista de 33 anos perdeu a vida no in\u00edcio da manh\u00e3 desta ter\u00e7a-feira, 9, no per\u00edmetro urbano do munic\u00edpio de Planalto. O acidente envolveu um caminh\u00e3o e uma motocicleta Biz&nbsp;por volta das 7h no Bairro S\u00e3o Miguel. A v\u00edtima foi identificada sendo&nbsp;Giovane Gadonski.&nbsp;Ele estaria indo trabalhar. As causas do acidente est\u00e3o sendo apuradas pela Pol\u00edcia.&nbsp;<\/p>\n<p style=\"text-align: justify;\"><em>InFocoRS<\/em><\/p>","protected":false},"excerpt":{"rendered":"<p>Um motociclista de 33 anos perdeu a vida no in\u00edcio da manh\u00e3 desta ter\u00e7a-feira, 9, no per\u00edmetro urbano do munic\u00edpio de Planalto. O acidente envolveu um caminh\u00e3o e uma motocicleta Biz&nbsp;por volta das 7h no Bairro S\u00e3o Miguel. A v\u00edtima foi identificada sendo&nbsp;Giovane Gadonski.&nbsp;Ele estaria indo trabalhar. As causas do acidente est\u00e3o sendo apuradas pela<\/p>\n<div class=\"read-more-wrapper\"><a class=\"read-more\" href=\"https:\/\/www2.comunitaria.com.br\/en\/motociclista-morre-apos-colisao-em-alpestre\/\" title=\"Read More\"> <span class=\"button\">Read More<\/span><\/a><\/div>","protected":false},"author":2,"featured_media":26403,"comment_status":"open","ping_status":"closed","sticky":false,"template":"","format":"standard","meta":{"ngg_post_thumbnail":0,"footnotes":""},"categories":[28,33,36,43],"tags":[96,778,177,86,426],"class_list":["post-26402","post","type-post","status-publish","format-standard","has-post-thumbnail","hentry","category-destaque","category-noticias","category-policia","category-regiao","tag-acidente","tag-planalto","tag-policia-2","tag-regiao-2","tag-transito"],"amp_enabled":true,"_links":{"self":[{"href":"https:\/\/www2.comunitaria.com.br\/en\/wp-json\/wp\/v2\/posts\/26402","targetHints":{"allow":["GET"]}}],"collection":[{"href":"https:\/\/www2.comunitaria.com.br\/en\/wp-json\/wp\/v2\/posts"}],"about":[{"href":"https:\/\/www2.comunitaria.com.br\/en\/wp-json\/wp\/v2\/types\/post"}],"author":[{"embeddable":true,"href":"https:\/\/www2.comunitaria.com.br\/en\/wp-json\/wp\/v2\/users\/2"}],"replies":[{"embeddable":true,"href":"https:\/\/www2.comunitaria.com.br\/en\/wp-json\/wp\/v2\/comments?post=26402"}],"version-history":[{"count":0,"href":"https:\/\/www2.comunitaria.com.br\/en\/wp-json\/wp\/v2\/posts\/26402\/revisions"}],"wp:featuredmedia":[{"embeddable":true,"href":"https:\/\/www2.comunitaria.com.br\/en\/wp-json\/wp\/v2\/media\/26403"}],"wp:attachment":[{"href":"https:\/\/www2.comunitaria.com.br\/en\/wp-json\/wp\/v2\/media?parent=26402"}],"wp:term":[{"taxonomy":"category","embeddable":true,"href":"https:\/\/www2.comunitaria.com.br\/en\/wp-json\/wp\/v2\/categories?post=26402"},{"taxonomy":"post_tag","embeddable":true,"href":"https:\/\/www2.comunitaria.com.br\/en\/wp-json\/wp\/v2\/tags?post=26402"}],"curies":[{"name":"wp","href":"https:\/\/api.w.org\/{rel}","templated":true}]}}