{"id":26310,"date":"2017-05-05T10:24:38","date_gmt":"2017-05-05T12:24:38","guid":{"rendered":"http:\/\/www2.comunitaria.com.br\/?p=26310"},"modified":"2017-05-05T10:24:38","modified_gmt":"2017-05-05T12:24:38","slug":"morre-lider-sindical-do-mpa","status":"publish","type":"post","link":"https:\/\/www2.comunitaria.com.br\/en\/morre-lider-sindical-do-mpa\/","title":{"rendered":"Morre l\u00edder sindical do MPA"},"content":{"rendered":"<p style=\"text-align: justify;\">Na manh\u00e3 da \u00faltima quarta-feira, 3, o&nbsp;presidente do Sindicato dos Trabalhadores Rurais de Liberato Salzano,&nbsp;Odair Luiz Bortolini, de 52 anos, faleceu ap\u00f3s sofrer um infarto fulminante.&nbsp;<\/p>\n<p style=\"text-align: justify;\">Odair&nbsp;exerceu o mandato de Vereador em Liberato Salzano entre 2005 e 2008 e, atualmente,&nbsp;estava a frente do Movimento dos Pequenos Agricultores (MPA). Conhecido por lutar pelos direitos dos camponeses, Odair era sindicalista e defendia as causas da Agroecologia.&nbsp;<\/p>\n<p style=\"text-align: justify;\">Em nota divulgada nas redes sociais do MPA, integrantes do movimento lamentam a perda do companheiro:&nbsp;<\/p>\n<blockquote>\n<p style=\"text-align: justify;\">Camponeses e Agroecologistas em luto<br \/>\n\u00c9 com pesar imenso que o Movimento dos Pequenos Agricultores (MPA), comunica a partida f\u00edsica do companheiro de lutas, Odair Luiz Bortolini. O Campesinato e a Agroecologia p\u00f5em-se em luto, pela perda de uma grande Companheiro, Campon\u00eas, Dirigente Estadual do Movimento, Sindicalista e Agroecologistas.<br \/>\nBortolini veio a \u00f3bito na manh\u00e3 desta quarta-feira, 3 de maio de 2017, ap\u00f3s sofrer um infarto fulminante. Atualmente residia no munic\u00edpio de Liberato Salzano onde tamb\u00e9m era Presidente do Sindicato dos Trabalhadores Rurais.<br \/>\nNossos sentimentos a fam\u00edlia de Bortolini, amigos, companheiros de luta. Ao companheiro dizemos, siga sua trajet\u00f3ria, pois as sementes que cultivavas, hoje, assumimos o compromisso e seguiremos cultivando seu legado de lutas e dedica\u00e7\u00e3o h\u00e1 causa da Classe Camponesa e Trabalhadora.<br \/>\nSentimos a perda de um dos grandes defensores e praticante d\u00e1 Agroecologia. Companheiro, amigo, \u00e9tico sempre, praticava o que acreditava. Ficar\u00e1 para sempre o exemplo inspirador, plantaremos sua semente e seguimos semeando seus ensinamentos e o que defendias.<br \/>\nDescanse em paz Bortolini, seguiremos na luta.<br \/>\nPelos nossos mortos nenhum minuto de sil\u00eancio, mas toda uma vida de luta!<br \/>\nBortolini, presente, presente, presente!<\/p>\n<\/blockquote>","protected":false},"excerpt":{"rendered":"<p>Na manh\u00e3 da \u00faltima quarta-feira, 3, o&nbsp;presidente do Sindicato dos Trabalhadores Rurais de Liberato Salzano,&nbsp;Odair Luiz Bortolini, de 52 anos, faleceu ap\u00f3s sofrer um infarto fulminante.&nbsp; Odair&nbsp;exerceu o mandato de Vereador em Liberato Salzano entre 2005 e 2008 e, atualmente,&nbsp;estava a frente do Movimento dos Pequenos Agricultores (MPA). Conhecido por lutar pelos direitos dos camponeses,<\/p>\n<div class=\"read-more-wrapper\"><a class=\"read-more\" href=\"https:\/\/www2.comunitaria.com.br\/en\/morre-lider-sindical-do-mpa\/\" title=\"Read More\"> <span class=\"button\">Read More<\/span><\/a><\/div>","protected":false},"author":2,"featured_media":26311,"comment_status":"open","ping_status":"closed","sticky":false,"template":"","format":"standard","meta":{"ngg_post_thumbnail":0,"footnotes":""},"categories":[33,43,45],"tags":[1013,86,479],"class_list":["post-26310","post","type-post","status-publish","format-standard","has-post-thumbnail","hentry","category-noticias","category-regiao","category-rural","tag-mpa","tag-regiao-2","tag-rural-2"],"amp_enabled":true,"_links":{"self":[{"href":"https:\/\/www2.comunitaria.com.br\/en\/wp-json\/wp\/v2\/posts\/26310","targetHints":{"allow":["GET"]}}],"collection":[{"href":"https:\/\/www2.comunitaria.com.br\/en\/wp-json\/wp\/v2\/posts"}],"about":[{"href":"https:\/\/www2.comunitaria.com.br\/en\/wp-json\/wp\/v2\/types\/post"}],"author":[{"embeddable":true,"href":"https:\/\/www2.comunitaria.com.br\/en\/wp-json\/wp\/v2\/users\/2"}],"replies":[{"embeddable":true,"href":"https:\/\/www2.comunitaria.com.br\/en\/wp-json\/wp\/v2\/comments?post=26310"}],"version-history":[{"count":0,"href":"https:\/\/www2.comunitaria.com.br\/en\/wp-json\/wp\/v2\/posts\/26310\/revisions"}],"wp:featuredmedia":[{"embeddable":true,"href":"https:\/\/www2.comunitaria.com.br\/en\/wp-json\/wp\/v2\/media\/26311"}],"wp:attachment":[{"href":"https:\/\/www2.comunitaria.com.br\/en\/wp-json\/wp\/v2\/media?parent=26310"}],"wp:term":[{"taxonomy":"category","embeddable":true,"href":"https:\/\/www2.comunitaria.com.br\/en\/wp-json\/wp\/v2\/categories?post=26310"},{"taxonomy":"post_tag","embeddable":true,"href":"https:\/\/www2.comunitaria.com.br\/en\/wp-json\/wp\/v2\/tags?post=26310"}],"curies":[{"name":"wp","href":"https:\/\/api.w.org\/{rel}","templated":true}]}}