{"id":26238,"date":"2017-05-03T12:00:43","date_gmt":"2017-05-03T14:00:43","guid":{"rendered":"http:\/\/www2.comunitaria.com.br\/?p=26238"},"modified":"2017-05-03T12:00:43","modified_gmt":"2017-05-03T14:00:43","slug":"com-questoes-financeiras-encaminhadas-uniao-tera-nova-casa-em-2018","status":"publish","type":"post","link":"https:\/\/www2.comunitaria.com.br\/en\/com-questoes-financeiras-encaminhadas-uniao-tera-nova-casa-em-2018\/","title":{"rendered":"Com &#8220;quest\u00f5es financeiras&#8221; encaminhadas Uni\u00e3o ter\u00e1 nova casa em 2018"},"content":{"rendered":"<p>Os torcedores do Uni\u00e3o Frederiquense que se acostumaram ao trajeto at\u00e9 o Vermelh\u00e3o da Colina, &nbsp;ter\u00e3o a partir de 2018 um novo destino em dias de jogos. Localizado na linha Faguense, a nova casa tricolor que ainda n\u00e3o possuiu nome definido, est\u00e1 em fase importante de sua constru\u00e7\u00e3o.<\/p>\n<p>Segundo a dire\u00e7\u00e3o, as obras est\u00e3o dentro do cronograma, e ao que tudo indica, a \u201cArena frederiquense\u201d poder\u00e1 ser inaugurada para a disputa da divis\u00e3o de acesso do ano que vem. &nbsp;Atualmente as informa\u00e7\u00f5es d\u00e3o conta que 75% do gramado no novo est\u00e1dio est\u00e1 pronto, restando apenas a coloca\u00e7\u00e3o do sistema de irriga\u00e7\u00e3o e da grama propriamente dita, ambos j\u00e1 encomendados pela diretoria. Os trabalhos no segundo semestre ser\u00e3o focados na constru\u00e7\u00e3o das arquibancadas, que &nbsp;j\u00e1 para o pr\u00f3ximo ano ter\u00e3o capacidade para 3 mil lugares em um setor lateral conhecido como \u201cgeral\u201d, &nbsp;e 200 &nbsp;lugares &nbsp;destinado para s\u00f3cios do clube em um setor oposto .<\/p>\n<p>O presidente Edson Cantareli concedeu entrevista e revelou mais detalhes sobre o andamento da obra:<\/p>\n<!--[if lt IE 9]><script>document.createElement('audio');<\/script><![endif]-->\n<audio class=\"wp-audio-shortcode\" id=\"audio-26238-1\" preload=\"none\" style=\"width: 100%;\" controls=\"controls\"><source type=\"audio\/mpeg\" src=\"http:\/\/www2.comunitaria.com.br\/wp-content\/uploads\/2017\/05\/CANTARELI.mp3?_=1\" \/><a href=\"http:\/\/www2.comunitaria.com.br\/wp-content\/uploads\/2017\/05\/CANTARELI.mp3\">http:\/\/www2.comunitaria.com.br\/wp-content\/uploads\/2017\/05\/CANTARELI.mp3<\/a><\/audio>\n<p>A nova casa ter\u00e1 as caracter\u00edsticas de modernas arenas, como a proximidade entre arquibancadas e campo de jogo, j\u00e1 que projeto prev\u00ea &nbsp;a dist\u00e2ncia de 3 metros entre a arquibancada geral e gramado, que tamb\u00e9m n\u00e3o contar\u00e1 com alambrados, outra caracter\u00edsticas dos novos est\u00e1dios.<\/p>\n<p>O presidente Cantareli tamb\u00e9m revelou que o foco nesses pr\u00f3ximos dias ser\u00e1 a a campanha do <a href=\"http:\/\/www2.comunitaria.com.br\/en\/uniao-frederiquense-lanca-campanha-socio-remido\/\" target=\"_blank\" rel=\"noopener noreferrer\">S\u00f3cio Remido <\/a>e <a href=\"http:\/\/www2.comunitaria.com.br\/en\/uniao-frederiquense-lanca-campanha-para-construcao-do-novo-estadio\/\" target=\"_blank\" rel=\"noopener noreferrer\">Campanha do Cimento<\/a>, para que cada vez mais pessoas possam contribuir com o clube. No dia 24 de junho ocorre um jantar que contar\u00e1 com a presen\u00e7a dos \u00eddolos da dupla grenal \u00cdndio e Darlei, que ser\u00e3o empossados como&nbsp; embaixadores do novo est\u00e1dio.<\/p>\n\n\t\t<style type=\"text\/css\">\n\t\t\t#gallery-1 {\n\t\t\t\tmargin: auto;\n\t\t\t}\n\t\t\t#gallery-1 .gallery-item {\n\t\t\t\tfloat: left;\n\t\t\t\tmargin-top: 10px;\n\t\t\t\ttext-align: center;\n\t\t\t\twidth: 25%;\n\t\t\t}\n\t\t\t#gallery-1 img {\n\t\t\t\tborder: 2px solid #cfcfcf;\n\t\t\t}\n\t\t\t#gallery-1 .gallery-caption {\n\t\t\t\tmargin-left: 0;\n\t\t\t}\n\t\t\t\/* see gallery_shortcode() in wp-includes\/media.php *\/\n\t\t<\/style>\n\t\t<div id='gallery-1' class='gallery galleryid-26238 gallery-columns-4 gallery-size-thumbnail'><dl class='gallery-item'>\n\t\t\t<dt class='gallery-icon landscape'>\n\t\t\t\t<a href='https:\/\/www2.comunitaria.com.br\/en\/com-questoes-financeiras-encaminhadas-uniao-tera-nova-casa-em-2018\/dsc_0373-5\/'><img loading=\"lazy\" decoding=\"async\" width=\"150\" height=\"150\" src=\"https:\/\/www2.comunitaria.com.br\/wp-content\/uploads\/2017\/05\/DSC_0373-1-150x150.jpg\" class=\"attachment-thumbnail size-thumbnail\" alt=\"\" aria-describedby=\"gallery-1-26241\" srcset=\"https:\/\/www2.comunitaria.com.br\/wp-content\/uploads\/2017\/05\/DSC_0373-1-150x150.jpg 150w, https:\/\/www2.comunitaria.com.br\/wp-content\/uploads\/2017\/05\/DSC_0373-1-65x65.jpg 65w\" sizes=\"auto, (max-width: 150px) 100vw, 150px\" \/><\/a>\n\t\t\t<\/dt>\n\t\t\t\t<dd class='wp-caption-text gallery-caption' id='gallery-1-26241'>\n\t\t\t\tFoto: Rodrigo Davila\n\t\t\t\t<\/dd><\/dl><dl class='gallery-item'>\n\t\t\t<dt class='gallery-icon landscape'>\n\t\t\t\t<a href='https:\/\/www2.comunitaria.com.br\/en\/com-questoes-financeiras-encaminhadas-uniao-tera-nova-casa-em-2018\/dsc_0381-2\/'><img loading=\"lazy\" decoding=\"async\" width=\"150\" height=\"150\" src=\"https:\/\/www2.comunitaria.com.br\/wp-content\/uploads\/2017\/05\/DSC_0381-150x150.jpg\" class=\"attachment-thumbnail size-thumbnail\" alt=\"\" aria-describedby=\"gallery-1-26242\" srcset=\"https:\/\/www2.comunitaria.com.br\/wp-content\/uploads\/2017\/05\/DSC_0381-150x150.jpg 150w, https:\/\/www2.comunitaria.com.br\/wp-content\/uploads\/2017\/05\/DSC_0381-65x65.jpg 65w\" sizes=\"auto, (max-width: 150px) 100vw, 150px\" \/><\/a>\n\t\t\t<\/dt>\n\t\t\t\t<dd class='wp-caption-text gallery-caption' id='gallery-1-26242'>\n\t\t\t\tFoto: Rodrigo Davila\n\t\t\t\t<\/dd><\/dl><dl class='gallery-item'>\n\t\t\t<dt class='gallery-icon landscape'>\n\t\t\t\t<a href='https:\/\/www2.comunitaria.com.br\/en\/com-questoes-financeiras-encaminhadas-uniao-tera-nova-casa-em-2018\/dsc_0393-7\/'><img loading=\"lazy\" decoding=\"async\" width=\"150\" height=\"150\" src=\"https:\/\/www2.comunitaria.com.br\/wp-content\/uploads\/2017\/05\/DSC_0393-150x150.jpg\" class=\"attachment-thumbnail size-thumbnail\" alt=\"\" aria-describedby=\"gallery-1-26243\" srcset=\"https:\/\/www2.comunitaria.com.br\/wp-content\/uploads\/2017\/05\/DSC_0393-150x150.jpg 150w, https:\/\/www2.comunitaria.com.br\/wp-content\/uploads\/2017\/05\/DSC_0393-65x65.jpg 65w\" sizes=\"auto, (max-width: 150px) 100vw, 150px\" \/><\/a>\n\t\t\t<\/dt>\n\t\t\t\t<dd class='wp-caption-text gallery-caption' id='gallery-1-26243'>\n\t\t\t\tFoto: Rodrigo Davila\n\t\t\t\t<\/dd><\/dl><dl class='gallery-item'>\n\t\t\t<dt class='gallery-icon landscape'>\n\t\t\t\t<a href='https:\/\/www2.comunitaria.com.br\/en\/com-questoes-financeiras-encaminhadas-uniao-tera-nova-casa-em-2018\/dsc_0396-7\/'><img loading=\"lazy\" decoding=\"async\" width=\"150\" height=\"150\" src=\"https:\/\/www2.comunitaria.com.br\/wp-content\/uploads\/2017\/05\/DSC_0396-150x150.jpg\" class=\"attachment-thumbnail size-thumbnail\" alt=\"\" aria-describedby=\"gallery-1-26244\" srcset=\"https:\/\/www2.comunitaria.com.br\/wp-content\/uploads\/2017\/05\/DSC_0396-150x150.jpg 150w, https:\/\/www2.comunitaria.com.br\/wp-content\/uploads\/2017\/05\/DSC_0396-65x65.jpg 65w\" sizes=\"auto, (max-width: 150px) 100vw, 150px\" \/><\/a>\n\t\t\t<\/dt>\n\t\t\t\t<dd class='wp-caption-text gallery-caption' id='gallery-1-26244'>\n\t\t\t\tFoto: Rodrigo Davila\n\t\t\t\t<\/dd><\/dl><br style=\"clear: both\" \/><dl class='gallery-item'>\n\t\t\t<dt class='gallery-icon landscape'>\n\t\t\t\t<a href='https:\/\/www2.comunitaria.com.br\/en\/com-questoes-financeiras-encaminhadas-uniao-tera-nova-casa-em-2018\/dsc_0405-6\/'><img loading=\"lazy\" decoding=\"async\" width=\"150\" height=\"150\" src=\"https:\/\/www2.comunitaria.com.br\/wp-content\/uploads\/2017\/05\/DSC_0405-150x150.jpg\" class=\"attachment-thumbnail size-thumbnail\" alt=\"\" aria-describedby=\"gallery-1-26245\" srcset=\"https:\/\/www2.comunitaria.com.br\/wp-content\/uploads\/2017\/05\/DSC_0405-150x150.jpg 150w, https:\/\/www2.comunitaria.com.br\/wp-content\/uploads\/2017\/05\/DSC_0405-65x65.jpg 65w\" sizes=\"auto, (max-width: 150px) 100vw, 150px\" \/><\/a>\n\t\t\t<\/dt>\n\t\t\t\t<dd class='wp-caption-text gallery-caption' id='gallery-1-26245'>\n\t\t\t\tFoto: Rodrigo Davila\n\t\t\t\t<\/dd><\/dl><dl class='gallery-item'>\n\t\t\t<dt class='gallery-icon landscape'>\n\t\t\t\t<a href='https:\/\/www2.comunitaria.com.br\/en\/com-questoes-financeiras-encaminhadas-uniao-tera-nova-casa-em-2018\/2-15\/'><img loading=\"lazy\" decoding=\"async\" width=\"150\" height=\"150\" src=\"https:\/\/www2.comunitaria.com.br\/wp-content\/uploads\/2017\/05\/2-150x150.jpg\" class=\"attachment-thumbnail size-thumbnail\" alt=\"\" aria-describedby=\"gallery-1-26246\" srcset=\"https:\/\/www2.comunitaria.com.br\/wp-content\/uploads\/2017\/05\/2-150x150.jpg 150w, https:\/\/www2.comunitaria.com.br\/wp-content\/uploads\/2017\/05\/2-65x65.jpg 65w\" sizes=\"auto, (max-width: 150px) 100vw, 150px\" \/><\/a>\n\t\t\t<\/dt>\n\t\t\t\t<dd class='wp-caption-text gallery-caption' id='gallery-1-26246'>\n\t\t\t\tFoto: Rodrigo Davila\n\t\t\t\t<\/dd><\/dl><dl class='gallery-item'>\n\t\t\t<dt class='gallery-icon landscape'>\n\t\t\t\t<a href='https:\/\/www2.comunitaria.com.br\/en\/com-questoes-financeiras-encaminhadas-uniao-tera-nova-casa-em-2018\/dsc_0345-9\/'><img loading=\"lazy\" decoding=\"async\" width=\"150\" height=\"150\" src=\"https:\/\/www2.comunitaria.com.br\/wp-content\/uploads\/2017\/05\/DSC_0345-150x150.jpg\" class=\"attachment-thumbnail size-thumbnail\" alt=\"\" aria-describedby=\"gallery-1-26247\" srcset=\"https:\/\/www2.comunitaria.com.br\/wp-content\/uploads\/2017\/05\/DSC_0345-150x150.jpg 150w, https:\/\/www2.comunitaria.com.br\/wp-content\/uploads\/2017\/05\/DSC_0345-65x65.jpg 65w\" sizes=\"auto, (max-width: 150px) 100vw, 150px\" \/><\/a>\n\t\t\t<\/dt>\n\t\t\t\t<dd class='wp-caption-text gallery-caption' id='gallery-1-26247'>\n\t\t\t\tFoto: Rodrigo Davila\n\t\t\t\t<\/dd><\/dl><dl class='gallery-item'>\n\t\t\t<dt class='gallery-icon landscape'>\n\t\t\t\t<a href='https:\/\/www2.comunitaria.com.br\/en\/com-questoes-financeiras-encaminhadas-uniao-tera-nova-casa-em-2018\/dsc_0348-8\/'><img loading=\"lazy\" decoding=\"async\" width=\"150\" height=\"150\" src=\"https:\/\/www2.comunitaria.com.br\/wp-content\/uploads\/2017\/05\/DSC_0348-150x150.jpg\" class=\"attachment-thumbnail size-thumbnail\" alt=\"\" aria-describedby=\"gallery-1-26248\" srcset=\"https:\/\/www2.comunitaria.com.br\/wp-content\/uploads\/2017\/05\/DSC_0348-150x150.jpg 150w, https:\/\/www2.comunitaria.com.br\/wp-content\/uploads\/2017\/05\/DSC_0348-65x65.jpg 65w\" sizes=\"auto, (max-width: 150px) 100vw, 150px\" \/><\/a>\n\t\t\t<\/dt>\n\t\t\t\t<dd class='wp-caption-text gallery-caption' id='gallery-1-26248'>\n\t\t\t\tFoto: Rodrigo Davila\n\t\t\t\t<\/dd><\/dl><br style=\"clear: both\" \/><dl class='gallery-item'>\n\t\t\t<dt class='gallery-icon landscape'>\n\t\t\t\t<a href='https:\/\/www2.comunitaria.com.br\/en\/com-questoes-financeiras-encaminhadas-uniao-tera-nova-casa-em-2018\/dsc_0349-8\/'><img loading=\"lazy\" decoding=\"async\" width=\"150\" height=\"150\" src=\"https:\/\/www2.comunitaria.com.br\/wp-content\/uploads\/2017\/05\/DSC_0349-1-150x150.jpg\" class=\"attachment-thumbnail size-thumbnail\" alt=\"\" aria-describedby=\"gallery-1-26249\" srcset=\"https:\/\/www2.comunitaria.com.br\/wp-content\/uploads\/2017\/05\/DSC_0349-1-150x150.jpg 150w, https:\/\/www2.comunitaria.com.br\/wp-content\/uploads\/2017\/05\/DSC_0349-1-65x65.jpg 65w\" sizes=\"auto, (max-width: 150px) 100vw, 150px\" \/><\/a>\n\t\t\t<\/dt>\n\t\t\t\t<dd class='wp-caption-text gallery-caption' id='gallery-1-26249'>\n\t\t\t\tFoto: Rodrigo Davila\n\t\t\t\t<\/dd><\/dl><dl class='gallery-item'>\n\t\t\t<dt class='gallery-icon landscape'>\n\t\t\t\t<a href='https:\/\/www2.comunitaria.com.br\/en\/com-questoes-financeiras-encaminhadas-uniao-tera-nova-casa-em-2018\/dsc_0350-10\/'><img loading=\"lazy\" decoding=\"async\" width=\"150\" height=\"150\" src=\"https:\/\/www2.comunitaria.com.br\/wp-content\/uploads\/2017\/05\/DSC_0350-150x150.jpg\" class=\"attachment-thumbnail size-thumbnail\" alt=\"\" aria-describedby=\"gallery-1-26250\" srcset=\"https:\/\/www2.comunitaria.com.br\/wp-content\/uploads\/2017\/05\/DSC_0350-150x150.jpg 150w, https:\/\/www2.comunitaria.com.br\/wp-content\/uploads\/2017\/05\/DSC_0350-65x65.jpg 65w\" sizes=\"auto, (max-width: 150px) 100vw, 150px\" \/><\/a>\n\t\t\t<\/dt>\n\t\t\t\t<dd class='wp-caption-text gallery-caption' id='gallery-1-26250'>\n\t\t\t\tFoto: Rodrigo Davila\n\t\t\t\t<\/dd><\/dl><dl class='gallery-item'>\n\t\t\t<dt class='gallery-icon landscape'>\n\t\t\t\t<a href='https:\/\/www2.comunitaria.com.br\/en\/com-questoes-financeiras-encaminhadas-uniao-tera-nova-casa-em-2018\/dsc_0363-5\/'><img loading=\"lazy\" decoding=\"async\" width=\"150\" height=\"150\" src=\"https:\/\/www2.comunitaria.com.br\/wp-content\/uploads\/2017\/05\/DSC_0363-150x150.jpg\" class=\"attachment-thumbnail size-thumbnail\" alt=\"\" aria-describedby=\"gallery-1-26251\" srcset=\"https:\/\/www2.comunitaria.com.br\/wp-content\/uploads\/2017\/05\/DSC_0363-150x150.jpg 150w, https:\/\/www2.comunitaria.com.br\/wp-content\/uploads\/2017\/05\/DSC_0363-65x65.jpg 65w\" sizes=\"auto, (max-width: 150px) 100vw, 150px\" \/><\/a>\n\t\t\t<\/dt>\n\t\t\t\t<dd class='wp-caption-text gallery-caption' id='gallery-1-26251'>\n\t\t\t\tFoto: Rodrigo Davila\n\t\t\t\t<\/dd><\/dl>\n\t\t\t<br style='clear: both' \/>\n\t\t<\/div>","protected":false},"excerpt":{"rendered":"<p>Os torcedores do Uni\u00e3o Frederiquense que se acostumaram ao trajeto at\u00e9 o Vermelh\u00e3o da Colina, &nbsp;ter\u00e3o a partir de 2018 um novo destino em dias de jogos. Localizado na linha Faguense, a nova casa tricolor que ainda n\u00e3o possuiu nome definido, est\u00e1 em fase importante de sua constru\u00e7\u00e3o. Segundo a dire\u00e7\u00e3o, as obras est\u00e3o dentro<\/p>\n<div class=\"read-more-wrapper\"><a class=\"read-more\" href=\"https:\/\/www2.comunitaria.com.br\/en\/com-questoes-financeiras-encaminhadas-uniao-tera-nova-casa-em-2018\/\" title=\"Read More\"> <span class=\"button\">Read More<\/span><\/a><\/div>","protected":false},"author":2,"featured_media":26240,"comment_status":"open","ping_status":"closed","sticky":false,"template":"","format":"standard","meta":{"ngg_post_thumbnail":0,"footnotes":""},"categories":[51,34,42,33,48],"tags":[],"class_list":["post-26238","post","type-post","status-publish","format-standard","has-post-thumbnail","hentry","category-audio","category-esportes","category-fred-west","category-noticias","category-uniao-frederiquense"],"amp_enabled":true,"_links":{"self":[{"href":"https:\/\/www2.comunitaria.com.br\/en\/wp-json\/wp\/v2\/posts\/26238","targetHints":{"allow":["GET"]}}],"collection":[{"href":"https:\/\/www2.comunitaria.com.br\/en\/wp-json\/wp\/v2\/posts"}],"about":[{"href":"https:\/\/www2.comunitaria.com.br\/en\/wp-json\/wp\/v2\/types\/post"}],"author":[{"embeddable":true,"href":"https:\/\/www2.comunitaria.com.br\/en\/wp-json\/wp\/v2\/users\/2"}],"replies":[{"embeddable":true,"href":"https:\/\/www2.comunitaria.com.br\/en\/wp-json\/wp\/v2\/comments?post=26238"}],"version-history":[{"count":0,"href":"https:\/\/www2.comunitaria.com.br\/en\/wp-json\/wp\/v2\/posts\/26238\/revisions"}],"wp:featuredmedia":[{"embeddable":true,"href":"https:\/\/www2.comunitaria.com.br\/en\/wp-json\/wp\/v2\/media\/26240"}],"wp:attachment":[{"href":"https:\/\/www2.comunitaria.com.br\/en\/wp-json\/wp\/v2\/media?parent=26238"}],"wp:term":[{"taxonomy":"category","embeddable":true,"href":"https:\/\/www2.comunitaria.com.br\/en\/wp-json\/wp\/v2\/categories?post=26238"},{"taxonomy":"post_tag","embeddable":true,"href":"https:\/\/www2.comunitaria.com.br\/en\/wp-json\/wp\/v2\/tags?post=26238"}],"curies":[{"name":"wp","href":"https:\/\/api.w.org\/{rel}","templated":true}]}}