{"id":25833,"date":"2017-04-03T12:30:33","date_gmt":"2017-04-03T14:30:33","guid":{"rendered":"http:\/\/www2.comunitaria.com.br\/?p=25833"},"modified":"2017-04-03T12:30:33","modified_gmt":"2017-04-03T14:30:33","slug":"presidente-da-cufafw-reune-se-com-presidente-da-camara-municipal-de-vereadores","status":"publish","type":"post","link":"https:\/\/www2.comunitaria.com.br\/en\/presidente-da-cufafw-reune-se-com-presidente-da-camara-municipal-de-vereadores\/","title":{"rendered":"Presidente da CUFA\/FW re\u00fane-se com presidente da C\u00e2mara Municipal de Vereadores"},"content":{"rendered":"<p style=\"text-align: justify;\">Durante a manh\u00e3 desta segunda-feira, 3, membros da CUFA\/FW reuniram-se com o Presidente da C\u00e2mara Municipal de Vereadores, Jacques Oliveira, para firmar novas parcerias junto ao Poder Legislativo de Frederico Westphalen.<\/p>\n<p style=\"text-align: justify;\">Na ocasi\u00e3o, foram tratados assuntos relacionados ao Festival da Juventude e sobre a import\u00e2nci<span class=\"text_exposed_show\">a da CUFA\/FW estar presente nas Escolas Municipais. Nos pr\u00f3ximos dias, haver\u00e1 a vota\u00e7\u00e3o do Projeto de Lei enviado pelo Poder Executivo para o Legislativo, para que atividades do Festival sejam realizadas nas institui\u00e7\u00f5es p\u00fablicas de ensino do munic\u00edpio, atrav\u00e9s da Secretaria Municipal de Educa\u00e7\u00e3o e Cultura. Tamb\u00e9m na reuni\u00e3o, foram discutidas as novas quatro pra\u00e7as p\u00fablicas que ser\u00e3o constru\u00eddas em Frederico Westphalen.&nbsp;<\/span><\/p>","protected":false},"excerpt":{"rendered":"<p>Durante a manh\u00e3 desta segunda-feira, 3, membros da CUFA\/FW reuniram-se com o Presidente da C\u00e2mara Municipal de Vereadores, Jacques Oliveira, para firmar novas parcerias junto ao Poder Legislativo de Frederico&#8230;<\/p>","protected":false},"author":2,"featured_media":25834,"comment_status":"open","ping_status":"closed","sticky":false,"template":"","format":"standard","meta":{"ngg_post_thumbnail":0,"footnotes":""},"categories":[42,33,38,35],"tags":[2468,1015,82,1079],"class_list":["post-25833","post","type-post","status-publish","format-standard","has-post-thumbnail","hentry","category-fred-west","category-noticias","category-politica","category-variedades","tag-cufafw","tag-encontro","tag-frederico-westphalen","tag-politica"],"amp_enabled":true,"_links":{"self":[{"href":"https:\/\/www2.comunitaria.com.br\/en\/wp-json\/wp\/v2\/posts\/25833","targetHints":{"allow":["GET"]}}],"collection":[{"href":"https:\/\/www2.comunitaria.com.br\/en\/wp-json\/wp\/v2\/posts"}],"about":[{"href":"https:\/\/www2.comunitaria.com.br\/en\/wp-json\/wp\/v2\/types\/post"}],"author":[{"embeddable":true,"href":"https:\/\/www2.comunitaria.com.br\/en\/wp-json\/wp\/v2\/users\/2"}],"replies":[{"embeddable":true,"href":"https:\/\/www2.comunitaria.com.br\/en\/wp-json\/wp\/v2\/comments?post=25833"}],"version-history":[{"count":0,"href":"https:\/\/www2.comunitaria.com.br\/en\/wp-json\/wp\/v2\/posts\/25833\/revisions"}],"wp:featuredmedia":[{"embeddable":true,"href":"https:\/\/www2.comunitaria.com.br\/en\/wp-json\/wp\/v2\/media\/25834"}],"wp:attachment":[{"href":"https:\/\/www2.comunitaria.com.br\/en\/wp-json\/wp\/v2\/media?parent=25833"}],"wp:term":[{"taxonomy":"category","embeddable":true,"href":"https:\/\/www2.comunitaria.com.br\/en\/wp-json\/wp\/v2\/categories?post=25833"},{"taxonomy":"post_tag","embeddable":true,"href":"https:\/\/www2.comunitaria.com.br\/en\/wp-json\/wp\/v2\/tags?post=25833"}],"curies":[{"name":"wp","href":"https:\/\/api.w.org\/{rel}","templated":true}]}}