{"id":25826,"date":"2017-04-03T10:57:37","date_gmt":"2017-04-03T12:57:37","guid":{"rendered":"http:\/\/www2.comunitaria.com.br\/?p=25826"},"modified":"2017-04-03T10:57:37","modified_gmt":"2017-04-03T12:57:37","slug":"mobilizacao-para-vacinacao-contra-febre-aftosa-inicia-no-rs","status":"publish","type":"post","link":"https:\/\/www2.comunitaria.com.br\/en\/mobilizacao-para-vacinacao-contra-febre-aftosa-inicia-no-rs\/","title":{"rendered":"Mobiliza\u00e7\u00e3o para vacina\u00e7\u00e3o contra febre aftosa inicia no RS"},"content":{"rendered":"<p style=\"text-align: justify;\">Autoridades sanit\u00e1rias e t\u00e9cnicos da&nbsp;Secretaria da Agricultura, Pecu\u00e1ria e Irriga\u00e7\u00e3o (Seapi)&nbsp;iniciaram, na \u00faltima quinta-feira, 30, a mobiliza\u00e7\u00e3o para a campanha de combate \u00e0 febre aftosa no Rio Grande do Sul. A reuni\u00e3o serviu para tra\u00e7ar estrat\u00e9gias da campanha e discutir&nbsp;o panorama de combate ao v\u00edrus no estado. A primeira etapa da vacina\u00e7\u00e3o come\u00e7a em 1\u00ba de maio.<\/p>\n<p style=\"text-align: justify;\">O assessor t\u00e9cnico da Seapi Fernando Groff alerta que \u00e9 fundamental os criadores come\u00e7arem a se organizar e atualizar o cadastro do rebanho. &#8220;A expectativa \u00e9 que sejam imunizados 13,8 milh\u00f5es de bov\u00eddeos no estado at\u00e9 o dia 31 de maio em cerca de 330 mil propriedades rurais&#8221;, informa.<\/p>\n<p style=\"text-align: justify;\">Ele explica que as doses da vacina devem ser adquiridas em casas agropecu\u00e1rias credenciadas na secretaria. &#8220;Ap\u00f3s a imuniza\u00e7\u00e3o, o produtor precisa comprovar na inspetoria, apresentando nota fiscal da compra e declarando o rebanho vacinado, por categoria e sexo&#8221;, acrescenta.&nbsp;<\/p>\n<p style=\"text-align: justify;\">O secret\u00e1rio Ernani Polo destaca a import\u00e2ncia da vacina\u00e7\u00e3o para garantir o&nbsp;<em>status<\/em>&nbsp;sanit\u00e1rio do Rio Grande do Sul. O \u00faltimo caso registrado da doen\u00e7a foi em 2001.<\/p>\n<p style=\"text-align: justify;\"><em>Portal RS<\/em><\/p>","protected":false},"excerpt":{"rendered":"<p>Autoridades sanit\u00e1rias e t\u00e9cnicos da&nbsp;Secretaria da Agricultura, Pecu\u00e1ria e Irriga\u00e7\u00e3o (Seapi)&nbsp;iniciaram, na \u00faltima quinta-feira, 30, a mobiliza\u00e7\u00e3o para a campanha de combate \u00e0 febre aftosa no Rio Grande do Sul&#8230;.<\/p>","protected":false},"author":2,"featured_media":25827,"comment_status":"open","ping_status":"closed","sticky":false,"template":"","format":"standard","meta":{"ngg_post_thumbnail":0,"footnotes":""},"categories":[46,33,45,37],"tags":[519,2848,479],"class_list":["post-25826","post","type-post","status-publish","format-standard","has-post-thumbnail","hentry","category-estado","category-noticias","category-rural","category-saude","tag-estado-2","tag-febre-aftosa","tag-rural-2"],"amp_enabled":true,"_links":{"self":[{"href":"https:\/\/www2.comunitaria.com.br\/en\/wp-json\/wp\/v2\/posts\/25826","targetHints":{"allow":["GET"]}}],"collection":[{"href":"https:\/\/www2.comunitaria.com.br\/en\/wp-json\/wp\/v2\/posts"}],"about":[{"href":"https:\/\/www2.comunitaria.com.br\/en\/wp-json\/wp\/v2\/types\/post"}],"author":[{"embeddable":true,"href":"https:\/\/www2.comunitaria.com.br\/en\/wp-json\/wp\/v2\/users\/2"}],"replies":[{"embeddable":true,"href":"https:\/\/www2.comunitaria.com.br\/en\/wp-json\/wp\/v2\/comments?post=25826"}],"version-history":[{"count":0,"href":"https:\/\/www2.comunitaria.com.br\/en\/wp-json\/wp\/v2\/posts\/25826\/revisions"}],"wp:featuredmedia":[{"embeddable":true,"href":"https:\/\/www2.comunitaria.com.br\/en\/wp-json\/wp\/v2\/media\/25827"}],"wp:attachment":[{"href":"https:\/\/www2.comunitaria.com.br\/en\/wp-json\/wp\/v2\/media?parent=25826"}],"wp:term":[{"taxonomy":"category","embeddable":true,"href":"https:\/\/www2.comunitaria.com.br\/en\/wp-json\/wp\/v2\/categories?post=25826"},{"taxonomy":"post_tag","embeddable":true,"href":"https:\/\/www2.comunitaria.com.br\/en\/wp-json\/wp\/v2\/tags?post=25826"}],"curies":[{"name":"wp","href":"https:\/\/api.w.org\/{rel}","templated":true}]}}