{"id":25808,"date":"2017-04-02T16:34:27","date_gmt":"2017-04-02T18:34:27","guid":{"rendered":"http:\/\/www2.comunitaria.com.br\/?p=25808"},"modified":"2017-04-02T16:41:51","modified_gmt":"2017-04-02T18:41:51","slug":"enquete","status":"publish","type":"post","link":"https:\/\/www2.comunitaria.com.br\/en\/enquete\/","title":{"rendered":"Enquete: Voc\u00ea concorda com os jogos do Uni\u00e3o aos domingos em casa a partir das 11h?"},"content":{"rendered":"<p style=\"text-align: justify;\">Com duas possibilidades de hor\u00e1rios para a realiza\u00e7\u00e3o das partidas da Divis\u00e3o de Acesso em casa aos domingos, o Uni\u00e3o Frederiquense pode iniciar os confrontos \u00e0s 11h ou \u00e0s 15h30, por\u00e9m o clube quer contar com a presen\u00e7a do torcedor no est\u00e1dio. Vote em nossa enquete e deixe sua opini\u00e3o quanto a realiza\u00e7\u00e3o das partidas \u00e0s 11h:&nbsp;<\/p>\nDesculpe, n\u00e3o h\u00e1 enquetes dispon\u00edveis no momento.","protected":false},"excerpt":{"rendered":"<p>Com duas possibilidades de hor\u00e1rios para a realiza\u00e7\u00e3o das partidas da Divis\u00e3o de Acesso em casa aos domingos, o Uni\u00e3o Frederiquense pode iniciar os confrontos \u00e0s 11h ou \u00e0s 15h30, por\u00e9m o clube quer contar com a presen\u00e7a do torcedor no est\u00e1dio. Vote em nossa enquete e deixe sua opini\u00e3o quanto a realiza\u00e7\u00e3o das partidas<\/p>\n<div class=\"read-more-wrapper\"><a class=\"read-more\" href=\"https:\/\/www2.comunitaria.com.br\/en\/enquete\/\" title=\"Read More\"> <span class=\"button\">Read More<\/span><\/a><\/div>","protected":false},"author":2,"featured_media":25259,"comment_status":"open","ping_status":"closed","sticky":false,"template":"","format":"standard","meta":{"ngg_post_thumbnail":0,"footnotes":""},"categories":[28,33],"tags":[],"class_list":["post-25808","post","type-post","status-publish","format-standard","has-post-thumbnail","hentry","category-destaque","category-noticias"],"amp_enabled":true,"_links":{"self":[{"href":"https:\/\/www2.comunitaria.com.br\/en\/wp-json\/wp\/v2\/posts\/25808","targetHints":{"allow":["GET"]}}],"collection":[{"href":"https:\/\/www2.comunitaria.com.br\/en\/wp-json\/wp\/v2\/posts"}],"about":[{"href":"https:\/\/www2.comunitaria.com.br\/en\/wp-json\/wp\/v2\/types\/post"}],"author":[{"embeddable":true,"href":"https:\/\/www2.comunitaria.com.br\/en\/wp-json\/wp\/v2\/users\/2"}],"replies":[{"embeddable":true,"href":"https:\/\/www2.comunitaria.com.br\/en\/wp-json\/wp\/v2\/comments?post=25808"}],"version-history":[{"count":0,"href":"https:\/\/www2.comunitaria.com.br\/en\/wp-json\/wp\/v2\/posts\/25808\/revisions"}],"wp:featuredmedia":[{"embeddable":true,"href":"https:\/\/www2.comunitaria.com.br\/en\/wp-json\/wp\/v2\/media\/25259"}],"wp:attachment":[{"href":"https:\/\/www2.comunitaria.com.br\/en\/wp-json\/wp\/v2\/media?parent=25808"}],"wp:term":[{"taxonomy":"category","embeddable":true,"href":"https:\/\/www2.comunitaria.com.br\/en\/wp-json\/wp\/v2\/categories?post=25808"},{"taxonomy":"post_tag","embeddable":true,"href":"https:\/\/www2.comunitaria.com.br\/en\/wp-json\/wp\/v2\/tags?post=25808"}],"curies":[{"name":"wp","href":"https:\/\/api.w.org\/{rel}","templated":true}]}}