{"id":25738,"date":"2017-03-28T11:56:00","date_gmt":"2017-03-28T13:56:00","guid":{"rendered":"http:\/\/www2.comunitaria.com.br\/?p=25738"},"modified":"2017-03-28T11:56:00","modified_gmt":"2017-03-28T13:56:00","slug":"prf-apreende-menor-de-idade-com-veiculo-roubado-na-br-386-em-seberi","status":"publish","type":"post","link":"https:\/\/www2.comunitaria.com.br\/en\/prf-apreende-menor-de-idade-com-veiculo-roubado-na-br-386-em-seberi\/","title":{"rendered":"PRF apreende menor de idade com ve\u00edculo roubado na BR 386, em Seberi"},"content":{"rendered":"<p style=\"text-align: justify;\">A Pol\u00edcia Rodovi\u00e1ria Federal recuperou na noite desta segunda-feira, 27, durante a\u00e7\u00e3o de combate ao crime na BR 386 em Seberi, um Honda City roubado em Porte Alegre. O carro era conduzido por um adolescente de 17 anos.<\/p>\n<p style=\"text-align: justify;\">Foi dada ordem de parada ao ve\u00edculo em Sarandi, mas o condutor n\u00e3o obedeceu e iniciou fuga. Ap\u00f3s buscas realizadas, foi localizado na BR 386 em Seberi. O carro portava placas clonadas e foi roubado em Porto Alegre.<\/p>\n<p style=\"text-align: justify;\">O condutor, um adolescente de 17 anos foi apreendido e encaminhado \u00e0 pol\u00edcia judici\u00e1ria para procedimentos cab\u00edveis. O ve\u00edculo foi apreendido para posterior devolu\u00e7\u00e3o ao propriet\u00e1rio.<\/p>\n<p style=\"text-align: justify;\"><em>PRF<\/em><\/p>","protected":false},"excerpt":{"rendered":"<p>A Pol\u00edcia Rodovi\u00e1ria Federal recuperou na noite desta segunda-feira, 27, durante a\u00e7\u00e3o de combate ao crime na BR 386 em Seberi, um Honda City roubado em Porte Alegre. O carro era conduzido por um adolescente de 17 anos. Foi dada ordem de parada ao ve\u00edculo em Sarandi, mas o condutor n\u00e3o obedeceu e iniciou fuga.<\/p>\n<div class=\"read-more-wrapper\"><a class=\"read-more\" href=\"https:\/\/www2.comunitaria.com.br\/en\/prf-apreende-menor-de-idade-com-veiculo-roubado-na-br-386-em-seberi\/\" title=\"Read More\"> <span class=\"button\">Read More<\/span><\/a><\/div>","protected":false},"author":2,"featured_media":25739,"comment_status":"open","ping_status":"closed","sticky":false,"template":"","format":"standard","meta":{"ngg_post_thumbnail":0,"footnotes":""},"categories":[33,36,43],"tags":[178,177,86,426,1081],"class_list":["post-25738","post","type-post","status-publish","format-standard","has-post-thumbnail","hentry","category-noticias","category-policia","category-regiao","tag-apreensao","tag-policia-2","tag-regiao-2","tag-transito","tag-veiculo"],"amp_enabled":true,"_links":{"self":[{"href":"https:\/\/www2.comunitaria.com.br\/en\/wp-json\/wp\/v2\/posts\/25738","targetHints":{"allow":["GET"]}}],"collection":[{"href":"https:\/\/www2.comunitaria.com.br\/en\/wp-json\/wp\/v2\/posts"}],"about":[{"href":"https:\/\/www2.comunitaria.com.br\/en\/wp-json\/wp\/v2\/types\/post"}],"author":[{"embeddable":true,"href":"https:\/\/www2.comunitaria.com.br\/en\/wp-json\/wp\/v2\/users\/2"}],"replies":[{"embeddable":true,"href":"https:\/\/www2.comunitaria.com.br\/en\/wp-json\/wp\/v2\/comments?post=25738"}],"version-history":[{"count":0,"href":"https:\/\/www2.comunitaria.com.br\/en\/wp-json\/wp\/v2\/posts\/25738\/revisions"}],"wp:featuredmedia":[{"embeddable":true,"href":"https:\/\/www2.comunitaria.com.br\/en\/wp-json\/wp\/v2\/media\/25739"}],"wp:attachment":[{"href":"https:\/\/www2.comunitaria.com.br\/en\/wp-json\/wp\/v2\/media?parent=25738"}],"wp:term":[{"taxonomy":"category","embeddable":true,"href":"https:\/\/www2.comunitaria.com.br\/en\/wp-json\/wp\/v2\/categories?post=25738"},{"taxonomy":"post_tag","embeddable":true,"href":"https:\/\/www2.comunitaria.com.br\/en\/wp-json\/wp\/v2\/tags?post=25738"}],"curies":[{"name":"wp","href":"https:\/\/api.w.org\/{rel}","templated":true}]}}