{"id":25633,"date":"2017-03-23T15:17:30","date_gmt":"2017-03-23T17:17:30","guid":{"rendered":"http:\/\/www2.comunitaria.com.br\/?p=25633"},"modified":"2017-03-23T15:17:30","modified_gmt":"2017-03-23T17:17:30","slug":"cdlfw-promove-a-noite-do-consumidor","status":"publish","type":"post","link":"https:\/\/www2.comunitaria.com.br\/en\/cdlfw-promove-a-noite-do-consumidor\/","title":{"rendered":"CDL\/FW promove a Noite do Consumidor"},"content":{"rendered":"<p style=\"text-align: justify;\">A presidente e diretoria da CDL, comunica a todo o com\u00e9rcio Frederiquense que no dia 31&nbsp;de mar\u00e7o far\u00e1&nbsp;um hor\u00e1rio&nbsp;diferenciado, em parceria com&nbsp;a programa\u00e7\u00e3o da Prefeitura com diversas&nbsp;atra\u00e7\u00f5es&nbsp;no cal\u00e7ad\u00e3o da Pra\u00e7a da Matriz.<\/p>\n<p style=\"text-align: justify;\">A Noite do Consumidor visa estimular as vendas no com\u00e9rcio do munic\u00edpio. O hor\u00e1rio sugerido \u00e9&nbsp;que os estabelecimentos fechem \u00e0s 18h e abram novamente as 19h30 at\u00e9 \u00e0s 21h30, por\u00e9m fica a crit\u00e9rio de cada lojista conforme a necessidade de seus colaboradores.<\/p>\n<p style=\"text-align: justify;\">A CDL ainda sugere que cada lojista use de sua criatividade para fazer com que esta noite realmente seja a &#8220;Noite do Consumidor&#8221;.&nbsp;<\/p>","protected":false},"excerpt":{"rendered":"<p>A presidente e diretoria da CDL, comunica a todo o com\u00e9rcio Frederiquense que no dia 31&nbsp;de mar\u00e7o far\u00e1&nbsp;um hor\u00e1rio&nbsp;diferenciado, em parceria com&nbsp;a programa\u00e7\u00e3o da Prefeitura com diversas&nbsp;atra\u00e7\u00f5es&nbsp;no cal\u00e7ad\u00e3o da Pra\u00e7a da Matriz. A Noite do Consumidor visa estimular as vendas no com\u00e9rcio do munic\u00edpio. O hor\u00e1rio sugerido \u00e9&nbsp;que os estabelecimentos fechem \u00e0s 18h e abram<\/p>\n<div class=\"read-more-wrapper\"><a class=\"read-more\" href=\"https:\/\/www2.comunitaria.com.br\/en\/cdlfw-promove-a-noite-do-consumidor\/\" title=\"Read More\"> <span class=\"button\">Read More<\/span><\/a><\/div>","protected":false},"author":2,"featured_media":25634,"comment_status":"open","ping_status":"closed","sticky":false,"template":"","format":"standard","meta":{"ngg_post_thumbnail":0,"footnotes":""},"categories":[42,33,35],"tags":[3451,410,82,1165],"class_list":["post-25633","post","type-post","status-publish","format-standard","has-post-thumbnail","hentry","category-fred-west","category-noticias","category-variedades","tag-cdlfw","tag-comercio","tag-frederico-westphalen","tag-variedades"],"amp_enabled":true,"_links":{"self":[{"href":"https:\/\/www2.comunitaria.com.br\/en\/wp-json\/wp\/v2\/posts\/25633","targetHints":{"allow":["GET"]}}],"collection":[{"href":"https:\/\/www2.comunitaria.com.br\/en\/wp-json\/wp\/v2\/posts"}],"about":[{"href":"https:\/\/www2.comunitaria.com.br\/en\/wp-json\/wp\/v2\/types\/post"}],"author":[{"embeddable":true,"href":"https:\/\/www2.comunitaria.com.br\/en\/wp-json\/wp\/v2\/users\/2"}],"replies":[{"embeddable":true,"href":"https:\/\/www2.comunitaria.com.br\/en\/wp-json\/wp\/v2\/comments?post=25633"}],"version-history":[{"count":0,"href":"https:\/\/www2.comunitaria.com.br\/en\/wp-json\/wp\/v2\/posts\/25633\/revisions"}],"wp:featuredmedia":[{"embeddable":true,"href":"https:\/\/www2.comunitaria.com.br\/en\/wp-json\/wp\/v2\/media\/25634"}],"wp:attachment":[{"href":"https:\/\/www2.comunitaria.com.br\/en\/wp-json\/wp\/v2\/media?parent=25633"}],"wp:term":[{"taxonomy":"category","embeddable":true,"href":"https:\/\/www2.comunitaria.com.br\/en\/wp-json\/wp\/v2\/categories?post=25633"},{"taxonomy":"post_tag","embeddable":true,"href":"https:\/\/www2.comunitaria.com.br\/en\/wp-json\/wp\/v2\/tags?post=25633"}],"curies":[{"name":"wp","href":"https:\/\/api.w.org\/{rel}","templated":true}]}}