{"id":25581,"date":"2017-03-21T09:47:44","date_gmt":"2017-03-21T11:47:44","guid":{"rendered":"http:\/\/www2.comunitaria.com.br\/?p=25581"},"modified":"2017-03-21T09:47:44","modified_gmt":"2017-03-21T11:47:44","slug":"homem-morre-em-acidente-na-br-158-em-palmeira-das-missoes","status":"publish","type":"post","link":"https:\/\/www2.comunitaria.com.br\/en\/homem-morre-em-acidente-na-br-158-em-palmeira-das-missoes\/","title":{"rendered":"Homem morre em acidente na BR 158, em Palmeira das Miss\u00f5es"},"content":{"rendered":"<p style=\"text-align: justify;\">A PRF atendeu na noite de segunda-feira, 20, um acidente do tipo colis\u00e3o frontal entre uma caminhonete e caminh\u00e3o na BR 158 em Palmeira das Miss\u00f5es. O acidente resultou na morte do superintendente Regional Norte e gerente do Banrisul ag\u00eancia Palmeira das Miss\u00f5es Jaime Ant\u00f4nio Daniel, de 50 anos.&nbsp;<\/p>\n<p style=\"text-align: justify;\">O acidente ocorreu por volta das 23h30 quando uma Scania R380 emplacada em Pinhalzinho\/SC que seguia sentido Panambi, invadiu a faixa contr\u00e1ria e colidiu em uma Nissan Frontier de Gramado\/RS que trafegava no sentido contr\u00e1rio.<\/p>\n<p style=\"text-align: justify;\">O condutor da caminhonete, Jaime, n\u00e3o resistiu aos ferimentos e faleceu no local. O passageiro, Odacir Grasselli, sofreu les\u00f5es leves e foi socorrido pelo SAMU e Bombeiros. O condutor do caminh\u00e3o ficou ileso e foi submetido ao teste de alcoolemia com resultado zero.<\/p>\n<p style=\"text-align: justify;\">A pol\u00edcia judici\u00e1ria local compareceu e far\u00e1 a identifica\u00e7\u00e3o das v\u00edtimas e demais procedimentos cab\u00edveis ao caso. As causas do acidente ser\u00e3o apuradas.&nbsp;&nbsp;<\/p>\n<p style=\"text-align: justify;\">Jaime \u00e9 natural de Tr\u00eas Passos, e foi empossado como superintendente da Regional Norte do Banrisul em julho de 2016.&nbsp;<\/p>\n<p style=\"text-align: justify;\"><i>PRF<\/i><\/p>","protected":false},"excerpt":{"rendered":"<p>A PRF atendeu na noite de segunda-feira, 20, um acidente do tipo colis\u00e3o frontal entre uma caminhonete e caminh\u00e3o na BR 158 em Palmeira das Miss\u00f5es. O acidente resultou na morte do superintendente Regional Norte e gerente do Banrisul ag\u00eancia Palmeira das Miss\u00f5es Jaime Ant\u00f4nio Daniel, de 50 anos.&nbsp; O acidente ocorreu por volta das<\/p>\n<div class=\"read-more-wrapper\"><a class=\"read-more\" href=\"https:\/\/www2.comunitaria.com.br\/en\/homem-morre-em-acidente-na-br-158-em-palmeira-das-missoes\/\" title=\"Read More\"> <span class=\"button\">Read More<\/span><\/a><\/div>","protected":false},"author":2,"featured_media":25582,"comment_status":"open","ping_status":"closed","sticky":false,"template":"","format":"standard","meta":{"ngg_post_thumbnail":0,"footnotes":""},"categories":[28,33,36,43],"tags":[96,202,177,86],"class_list":["post-25581","post","type-post","status-publish","format-standard","has-post-thumbnail","hentry","category-destaque","category-noticias","category-policia","category-regiao","tag-acidente","tag-palmeira-das-missoes","tag-policia-2","tag-regiao-2"],"amp_enabled":true,"_links":{"self":[{"href":"https:\/\/www2.comunitaria.com.br\/en\/wp-json\/wp\/v2\/posts\/25581","targetHints":{"allow":["GET"]}}],"collection":[{"href":"https:\/\/www2.comunitaria.com.br\/en\/wp-json\/wp\/v2\/posts"}],"about":[{"href":"https:\/\/www2.comunitaria.com.br\/en\/wp-json\/wp\/v2\/types\/post"}],"author":[{"embeddable":true,"href":"https:\/\/www2.comunitaria.com.br\/en\/wp-json\/wp\/v2\/users\/2"}],"replies":[{"embeddable":true,"href":"https:\/\/www2.comunitaria.com.br\/en\/wp-json\/wp\/v2\/comments?post=25581"}],"version-history":[{"count":0,"href":"https:\/\/www2.comunitaria.com.br\/en\/wp-json\/wp\/v2\/posts\/25581\/revisions"}],"wp:featuredmedia":[{"embeddable":true,"href":"https:\/\/www2.comunitaria.com.br\/en\/wp-json\/wp\/v2\/media\/25582"}],"wp:attachment":[{"href":"https:\/\/www2.comunitaria.com.br\/en\/wp-json\/wp\/v2\/media?parent=25581"}],"wp:term":[{"taxonomy":"category","embeddable":true,"href":"https:\/\/www2.comunitaria.com.br\/en\/wp-json\/wp\/v2\/categories?post=25581"},{"taxonomy":"post_tag","embeddable":true,"href":"https:\/\/www2.comunitaria.com.br\/en\/wp-json\/wp\/v2\/tags?post=25581"}],"curies":[{"name":"wp","href":"https:\/\/api.w.org\/{rel}","templated":true}]}}