{"id":25500,"date":"2017-03-16T10:15:35","date_gmt":"2017-03-16T12:15:35","guid":{"rendered":"http:\/\/www2.comunitaria.com.br\/?p=25500"},"modified":"2017-03-16T10:15:35","modified_gmt":"2017-03-16T12:15:35","slug":"jovem-e-morto-com-tiro-na-cabeca-em-fw","status":"publish","type":"post","link":"https:\/\/www2.comunitaria.com.br\/en\/jovem-e-morto-com-tiro-na-cabeca-em-fw\/","title":{"rendered":"Jovem \u00e9 morto com tiro na cabe\u00e7a em FW"},"content":{"rendered":"<p>Por volta das 18 horas desta quarta-feira, 15, Jair Vieira Junior, de apenas 17 anos, foi atingido um tiro na cabe\u00e7a, no bairro S\u00e3o Jos\u00e9, em FW. <\/p>\n<p>De acordo com a Brigada Militar, o jovem foi atendido pelo Samu e pelo Corpo de Bombeiros do munic\u00edpio e levado at\u00e9 o Hospital Divina Provid\u00eancia, no entanto, n\u00e3o resistiu aos ferimentos e faleceu no local. O autor do crime ainda n\u00e3o foi localizado, e o caso est\u00e1 sendo investigado pela Pol\u00edcia Civil.<\/p>\n<p><em>O Alto Uruguai<\/em><\/p>","protected":false},"excerpt":{"rendered":"<p>Por volta das 18 horas desta quarta-feira, 15, Jair Vieira Junior, de apenas 17 anos, foi atingido um tiro na cabe\u00e7a, no bairro S\u00e3o Jos\u00e9, em FW. De acordo com a Brigada Militar, o jovem foi atendido pelo Samu e pelo Corpo de Bombeiros do munic\u00edpio e levado at\u00e9 o Hospital Divina Provid\u00eancia, no entanto,<\/p>\n<div class=\"read-more-wrapper\"><a class=\"read-more\" href=\"https:\/\/www2.comunitaria.com.br\/en\/jovem-e-morto-com-tiro-na-cabeca-em-fw\/\" title=\"Read More\"> <span class=\"button\">Read More<\/span><\/a><\/div>","protected":false},"author":2,"featured_media":25502,"comment_status":"open","ping_status":"closed","sticky":false,"template":"","format":"standard","meta":{"ngg_post_thumbnail":0,"footnotes":""},"categories":[42,33,36],"tags":[231],"class_list":["post-25500","post","type-post","status-publish","format-standard","has-post-thumbnail","hentry","category-fred-west","category-noticias","category-policia","tag-homicidio"],"amp_enabled":true,"_links":{"self":[{"href":"https:\/\/www2.comunitaria.com.br\/en\/wp-json\/wp\/v2\/posts\/25500","targetHints":{"allow":["GET"]}}],"collection":[{"href":"https:\/\/www2.comunitaria.com.br\/en\/wp-json\/wp\/v2\/posts"}],"about":[{"href":"https:\/\/www2.comunitaria.com.br\/en\/wp-json\/wp\/v2\/types\/post"}],"author":[{"embeddable":true,"href":"https:\/\/www2.comunitaria.com.br\/en\/wp-json\/wp\/v2\/users\/2"}],"replies":[{"embeddable":true,"href":"https:\/\/www2.comunitaria.com.br\/en\/wp-json\/wp\/v2\/comments?post=25500"}],"version-history":[{"count":0,"href":"https:\/\/www2.comunitaria.com.br\/en\/wp-json\/wp\/v2\/posts\/25500\/revisions"}],"wp:featuredmedia":[{"embeddable":true,"href":"https:\/\/www2.comunitaria.com.br\/en\/wp-json\/wp\/v2\/media\/25502"}],"wp:attachment":[{"href":"https:\/\/www2.comunitaria.com.br\/en\/wp-json\/wp\/v2\/media?parent=25500"}],"wp:term":[{"taxonomy":"category","embeddable":true,"href":"https:\/\/www2.comunitaria.com.br\/en\/wp-json\/wp\/v2\/categories?post=25500"},{"taxonomy":"post_tag","embeddable":true,"href":"https:\/\/www2.comunitaria.com.br\/en\/wp-json\/wp\/v2\/tags?post=25500"}],"curies":[{"name":"wp","href":"https:\/\/api.w.org\/{rel}","templated":true}]}}