{"id":25086,"date":"2017-02-24T11:47:14","date_gmt":"2017-02-24T13:47:14","guid":{"rendered":"http:\/\/www2.comunitaria.com.br\/?p=25086"},"modified":"2017-02-24T11:47:14","modified_gmt":"2017-02-24T13:47:14","slug":"saiba-o-que-abre-e-o-que-fecha-neste-feriado-de-carnaval-em-fw","status":"publish","type":"post","link":"https:\/\/www2.comunitaria.com.br\/en\/saiba-o-que-abre-e-o-que-fecha-neste-feriado-de-carnaval-em-fw\/","title":{"rendered":"Saiba o que abre e o que fecha neste feriado de Carnaval em FW"},"content":{"rendered":"<div class=\"mc-column content-text active-extra-styles active-capital-letter\" data-block-type=\"unstyled\" data-block-weight=\"29\">\n<p class=\"content-text__container theme-color-primary-first-letter\" style=\"text-align: justify;\" data-track-category=\"Link no Texto\" data-track-links=\"\">Quem for passar o&nbsp;feriado de Carnaval em Frederico Westphalen deve ficar atento ao hor\u00e1rio de funcionamento dos servi\u00e7os e dos \u00f3rg\u00e3os p\u00fablicos nesta segunda, 27, e ter\u00e7a-feira, 28.<\/p>\n<\/div>\n<div class=\"mc-column content-text active-extra-styles\" data-block-type=\"unstyled\" data-block-weight=\"14\">\n<p class=\"content-text__container\" style=\"text-align: justify;\" data-track-category=\"Link no Texto\" data-track-links=\"\">Veja abaixo o que abre e o que fecha durante o feriado no munic\u00edpio: &nbsp;<\/p>\n<p class=\"content-text__container\" style=\"text-align: justify;\" data-track-category=\"Link no Texto\" data-track-links=\"\"><strong>Rodovi\u00e1ria&nbsp;<\/strong><br \/>\nA Esta\u00e7\u00e3o Rodovi\u00e1ria de Frederico Westphalen informou que algumas empresas de \u00f4nibus ir\u00e3o alterar os hor\u00e1rios de transporte na segunda e ter\u00e7a-feira, portanto, para aqueles que precisarem utilizar os servi\u00e7os, a orienta\u00e7\u00e3o \u00e9 ligar para o (55) 3744-1800 e se informar sobre os hor\u00e1rios.<\/p>\n<p class=\"content-text__container\" style=\"text-align: justify;\" data-track-category=\"Link no Texto\" data-track-links=\"\"><strong>Ag\u00eancia FGTAS\/Sine<br \/>\n<\/strong>N\u00e3o haver\u00e1 expediente na Ag\u00eancia FGTAS\/SINE do munic\u00edpio na pr\u00f3xima segunda e ter\u00e7a-feira de Carnaval, 27 e 28 de fevereiro. O atendimento ao p\u00fablico ser\u00e1 retomado quarta-feira, 1\u00ba de mar\u00e7o, \u00e0s 13h.&nbsp;<strong><br \/>\n<\/strong><\/p>\n<p class=\"content-text__container\" style=\"text-align: justify;\" data-track-category=\"Link no Texto\" data-track-links=\"\"><strong>Bancos&nbsp;<\/strong><br \/>\nOs bancos de Frederico Westphalen n\u00e3o atender\u00e3o o p\u00fablico na segunda e ter\u00e7a-feira. O atendimento ser\u00e1 retomado na quarta-feira das 12h \u00e0s 15h. &nbsp;<\/p>\n<p class=\"content-text__container\" style=\"text-align: justify;\" data-track-category=\"Link no Texto\" data-track-links=\"\"><strong>Correios&nbsp;<\/strong><br \/>\nN\u00e3o haver\u00e1 expediente no Correio&nbsp;na pr\u00f3xima segunda e ter\u00e7a-feira. O atendimento ao p\u00fablico ser\u00e1 retomado quarta-feira, 1\u00ba de mar\u00e7o, \u00e0s&nbsp;12h.&nbsp;<\/p>\n<p class=\"content-text__container\" style=\"text-align: justify;\" data-track-category=\"Link no Texto\" data-track-links=\"\"><strong>Prefeitura&nbsp;<br \/>\n<\/strong>N\u00e3o ter\u00e1 expediente na segunda e ter\u00e7a-feira, retornando as atividades na quarta-feira, a partir das 13h.&nbsp;<\/p>\n<p class=\"content-text__container\" style=\"text-align: justify;\" data-track-category=\"Link no Texto\" data-track-links=\"\"><strong>Postos de Sa\u00fade&nbsp;<br \/>\n<\/strong>Na segunda-feira, 27, os postos de sa\u00fade atender\u00e3o apenas das 7h \u00e0s 13h. Na quarta-feira o atendimento ser\u00e1 em hor\u00e1rio normal.&nbsp;<\/p>\n<\/div>","protected":false},"excerpt":{"rendered":"<p>Quem for passar o&nbsp;feriado de Carnaval em Frederico Westphalen deve ficar atento ao hor\u00e1rio de funcionamento dos servi\u00e7os e dos \u00f3rg\u00e3os p\u00fablicos nesta segunda, 27, e ter\u00e7a-feira, 28. Veja abaixo o que abre e o que fecha durante o feriado no munic\u00edpio: &nbsp; Rodovi\u00e1ria&nbsp; A Esta\u00e7\u00e3o Rodovi\u00e1ria de Frederico Westphalen informou que algumas empresas de<\/p>\n<div class=\"read-more-wrapper\"><a class=\"read-more\" href=\"https:\/\/www2.comunitaria.com.br\/en\/saiba-o-que-abre-e-o-que-fecha-neste-feriado-de-carnaval-em-fw\/\" title=\"Read More\"> <span class=\"button\">Read More<\/span><\/a><\/div>","protected":false},"author":2,"featured_media":25095,"comment_status":"open","ping_status":"closed","sticky":false,"template":"","format":"standard","meta":{"ngg_post_thumbnail":0,"footnotes":""},"categories":[42,28,33],"tags":[1067,455,879,2210],"class_list":["post-25086","post","type-post","status-publish","format-standard","has-post-thumbnail","hentry","category-fred-west","category-destaque","category-noticias","tag-atendimento","tag-carnaval","tag-feriado","tag-horarios"],"amp_enabled":true,"_links":{"self":[{"href":"https:\/\/www2.comunitaria.com.br\/en\/wp-json\/wp\/v2\/posts\/25086","targetHints":{"allow":["GET"]}}],"collection":[{"href":"https:\/\/www2.comunitaria.com.br\/en\/wp-json\/wp\/v2\/posts"}],"about":[{"href":"https:\/\/www2.comunitaria.com.br\/en\/wp-json\/wp\/v2\/types\/post"}],"author":[{"embeddable":true,"href":"https:\/\/www2.comunitaria.com.br\/en\/wp-json\/wp\/v2\/users\/2"}],"replies":[{"embeddable":true,"href":"https:\/\/www2.comunitaria.com.br\/en\/wp-json\/wp\/v2\/comments?post=25086"}],"version-history":[{"count":0,"href":"https:\/\/www2.comunitaria.com.br\/en\/wp-json\/wp\/v2\/posts\/25086\/revisions"}],"wp:featuredmedia":[{"embeddable":true,"href":"https:\/\/www2.comunitaria.com.br\/en\/wp-json\/wp\/v2\/media\/25095"}],"wp:attachment":[{"href":"https:\/\/www2.comunitaria.com.br\/en\/wp-json\/wp\/v2\/media?parent=25086"}],"wp:term":[{"taxonomy":"category","embeddable":true,"href":"https:\/\/www2.comunitaria.com.br\/en\/wp-json\/wp\/v2\/categories?post=25086"},{"taxonomy":"post_tag","embeddable":true,"href":"https:\/\/www2.comunitaria.com.br\/en\/wp-json\/wp\/v2\/tags?post=25086"}],"curies":[{"name":"wp","href":"https:\/\/api.w.org\/{rel}","templated":true}]}}