{"id":25004,"date":"2017-02-21T10:32:17","date_gmt":"2017-02-21T12:32:17","guid":{"rendered":"http:\/\/www2.comunitaria.com.br\/?p=25004"},"modified":"2017-02-21T10:37:10","modified_gmt":"2017-02-21T12:37:10","slug":"passaros-silvestres-sao-encontrados-mortos-na-praca-da-matriz-de-fw","status":"publish","type":"post","link":"https:\/\/www2.comunitaria.com.br\/en\/passaros-silvestres-sao-encontrados-mortos-na-praca-da-matriz-de-fw\/","title":{"rendered":"P\u00e1ssaros Silvestres s\u00e3o encontrados mortos na Pra\u00e7a da Matriz de FW"},"content":{"rendered":"<p style=\"text-align: justify;\">Na manh\u00e3 desta ter\u00e7a-feira, 21, foram encontrados na Pra\u00e7a da Matriz de Frederico Westphalen, sete p\u00e1ssaros silvestres mortos dentro de canos. Os animais foram depositados em uma lixeira do banheiro da pra\u00e7a.&nbsp;<\/p>\n<p style=\"text-align: justify;\">O caso foi denunciado \u00e0s autoridades que foram at\u00e9 o local e constataram a a\u00e7\u00e3o como crime ambiental. O bi\u00f3logo da prefeitura, Diego Rigon, destacou que o tr\u00e1fico deste animais s\u00e3o comuns na regi\u00e3o e que os profissionais competentes buscar\u00e3o nas c\u00e2meras de seguran\u00e7a identificar os autores do crime. &nbsp;<\/p>\n<p style=\"text-align: justify;\">O tr\u00e1fico de animais \u00e9 configurado pela retirada de animais de seus habitats naturais e destinados \u00e0 comercializa\u00e7\u00e3o. Os destinos desses animais s\u00e3o zool\u00f3gicos, colecionadores, laborat\u00f3rios para fabrica\u00e7\u00e3o de medicamentos ou, muitas vezes mortos, como a on\u00e7a-pintada e jacar\u00e9s, para terem suas peles ou outras partes do corpo retiradas e vendidas.<\/p>\n<p style=\"text-align: justify;\"><em>Foto: Folha do Noroeste<\/em><\/p>","protected":false},"excerpt":{"rendered":"<p>Na manh\u00e3 desta ter\u00e7a-feira, 21, foram encontrados na Pra\u00e7a da Matriz de Frederico Westphalen, sete p\u00e1ssaros silvestres mortos dentro de canos. Os animais foram depositados em uma lixeira do banheiro&#8230;<\/p>","protected":false},"author":2,"featured_media":25005,"comment_status":"open","ping_status":"closed","sticky":false,"template":"","format":"standard","meta":{"ngg_post_thumbnail":0,"footnotes":""},"categories":[42,33,36],"tags":[738,82,1936],"class_list":["post-25004","post","type-post","status-publish","format-standard","has-post-thumbnail","hentry","category-fred-west","category-noticias","category-policia","tag-animais","tag-frederico-westphalen","tag-passaros"],"amp_enabled":true,"_links":{"self":[{"href":"https:\/\/www2.comunitaria.com.br\/en\/wp-json\/wp\/v2\/posts\/25004","targetHints":{"allow":["GET"]}}],"collection":[{"href":"https:\/\/www2.comunitaria.com.br\/en\/wp-json\/wp\/v2\/posts"}],"about":[{"href":"https:\/\/www2.comunitaria.com.br\/en\/wp-json\/wp\/v2\/types\/post"}],"author":[{"embeddable":true,"href":"https:\/\/www2.comunitaria.com.br\/en\/wp-json\/wp\/v2\/users\/2"}],"replies":[{"embeddable":true,"href":"https:\/\/www2.comunitaria.com.br\/en\/wp-json\/wp\/v2\/comments?post=25004"}],"version-history":[{"count":0,"href":"https:\/\/www2.comunitaria.com.br\/en\/wp-json\/wp\/v2\/posts\/25004\/revisions"}],"wp:featuredmedia":[{"embeddable":true,"href":"https:\/\/www2.comunitaria.com.br\/en\/wp-json\/wp\/v2\/media\/25005"}],"wp:attachment":[{"href":"https:\/\/www2.comunitaria.com.br\/en\/wp-json\/wp\/v2\/media?parent=25004"}],"wp:term":[{"taxonomy":"category","embeddable":true,"href":"https:\/\/www2.comunitaria.com.br\/en\/wp-json\/wp\/v2\/categories?post=25004"},{"taxonomy":"post_tag","embeddable":true,"href":"https:\/\/www2.comunitaria.com.br\/en\/wp-json\/wp\/v2\/tags?post=25004"}],"curies":[{"name":"wp","href":"https:\/\/api.w.org\/{rel}","templated":true}]}}