{"id":24954,"date":"2017-02-20T09:45:50","date_gmt":"2017-02-20T11:45:50","guid":{"rendered":"http:\/\/www2.comunitaria.com.br\/?p=24954"},"modified":"2017-02-20T09:58:19","modified_gmt":"2017-02-20T11:58:19","slug":"circuito-verao-sesc-define-equipe-campea-que-disputara-finais-em-torresrs","status":"publish","type":"post","link":"https:\/\/www2.comunitaria.com.br\/en\/circuito-verao-sesc-define-equipe-campea-que-disputara-finais-em-torresrs\/","title":{"rendered":"Circuito Ver\u00e3o Sesc define equipe campe\u00e3 que disputar\u00e1 finais em Torres\/RS"},"content":{"rendered":"<p style=\"text-align: justify;\">Neste fim de semana, na AABB de Frederico Westphalen, foi definido o time finalista de futebol de areia que disputar\u00e1 o&nbsp;Circuito Ver\u00e3o Sesc de Esportes de Beach Soccer feminino. Com sete times na disputa, a equipe do Mate Amargo garantiu sua vaga nas finais que ser\u00e3o realizadas em Torres\/RS nos dias 12 e 13 de mar\u00e7o.&nbsp;O time Girls Soccer ficou em segundo lugar.&nbsp;<\/p>\n<p style=\"text-align: justify;\">Pelo masculino&nbsp;a competi\u00e7\u00e3o segue e o finalista ainda n\u00e3o foi definido. Outras etapas tamb\u00e9m acontecer\u00e3o nos munic\u00edpios de Cai\u00e7ara, com jogos de futev\u00f4lei (25 de fevereiro), v\u00f4lei (26 de fevereiro) e futebol de areia (4 e 5 de mar\u00e7o); e em Pinheirinho do Vale, com v\u00f4lei e futebol de areia (4 e 5 de mar\u00e7o).&nbsp;<\/p>\n<p style=\"text-align: justify;\"><em>Foto: Sesc\/FW<\/em><\/p>","protected":false},"excerpt":{"rendered":"<p>Neste fim de semana, na AABB de Frederico Westphalen, foi definido o time finalista de futebol de areia que disputar\u00e1 o&nbsp;Circuito Ver\u00e3o Sesc de Esportes de Beach Soccer feminino. Com&#8230;<\/p>","protected":false},"author":2,"featured_media":24955,"comment_status":"open","ping_status":"closed","sticky":false,"template":"","format":"standard","meta":{"ngg_post_thumbnail":0,"footnotes":""},"categories":[50,34,42,33,35],"tags":[138,3419,465,3420],"class_list":["post-24954","post","type-post","status-publish","format-standard","has-post-thumbnail","hentry","category-campeonatos-locais","category-esportes","category-fred-west","category-noticias","category-variedades","tag-campeonato","tag-circuito-sesc","tag-esporte","tag-esportes-frederico-westphalen"],"amp_enabled":true,"_links":{"self":[{"href":"https:\/\/www2.comunitaria.com.br\/en\/wp-json\/wp\/v2\/posts\/24954","targetHints":{"allow":["GET"]}}],"collection":[{"href":"https:\/\/www2.comunitaria.com.br\/en\/wp-json\/wp\/v2\/posts"}],"about":[{"href":"https:\/\/www2.comunitaria.com.br\/en\/wp-json\/wp\/v2\/types\/post"}],"author":[{"embeddable":true,"href":"https:\/\/www2.comunitaria.com.br\/en\/wp-json\/wp\/v2\/users\/2"}],"replies":[{"embeddable":true,"href":"https:\/\/www2.comunitaria.com.br\/en\/wp-json\/wp\/v2\/comments?post=24954"}],"version-history":[{"count":0,"href":"https:\/\/www2.comunitaria.com.br\/en\/wp-json\/wp\/v2\/posts\/24954\/revisions"}],"wp:featuredmedia":[{"embeddable":true,"href":"https:\/\/www2.comunitaria.com.br\/en\/wp-json\/wp\/v2\/media\/24955"}],"wp:attachment":[{"href":"https:\/\/www2.comunitaria.com.br\/en\/wp-json\/wp\/v2\/media?parent=24954"}],"wp:term":[{"taxonomy":"category","embeddable":true,"href":"https:\/\/www2.comunitaria.com.br\/en\/wp-json\/wp\/v2\/categories?post=24954"},{"taxonomy":"post_tag","embeddable":true,"href":"https:\/\/www2.comunitaria.com.br\/en\/wp-json\/wp\/v2\/tags?post=24954"}],"curies":[{"name":"wp","href":"https:\/\/api.w.org\/{rel}","templated":true}]}}