{"id":24932,"date":"2017-02-17T10:35:56","date_gmt":"2017-02-17T12:35:56","guid":{"rendered":"http:\/\/www2.comunitaria.com.br\/?p=24932"},"modified":"2017-02-17T10:35:56","modified_gmt":"2017-02-17T12:35:56","slug":"acidentes-somam-1-680-mortes-em-2016-no-rs-aponta-detran","status":"publish","type":"post","link":"https:\/\/www2.comunitaria.com.br\/en\/acidentes-somam-1-680-mortes-em-2016-no-rs-aponta-detran\/","title":{"rendered":"Acidentes somam 1.680 mortes em 2016 no RS, aponta Detran"},"content":{"rendered":"<p style=\"text-align: justify;\">O n\u00famero tanto de mortos no tr\u00e2nsito, quanto de acidentes com v\u00edtimas no Rio Grande do Sul, caiu 3,2% e 0,8% respectivamente, de 2015 para 2016. Os dados de acidentabilidade, levantados pelo Departamento de Tr\u00e2nsito do estado (Detran-RS), foram divulgados nesta quinta-feira, 16,&nbsp;durante um semin\u00e1rio promovido pela Federa\u00e7\u00e3o das Associa\u00e7\u00f5es de Munic\u00edpios do estado (Famurs).<\/p>\n<p style=\"text-align: justify;\">O levantamento mostrou ainda que as principais v\u00edtimas t\u00eam entre 30 e 49 anos de idade, e a maioria dos acidentes fatais ocorre dentro das cidades. Porto Alegre lidera essa listagem.<\/p>\n<p style=\"text-align: justify;\">Em 2016, de janeiro a dezembro, as vidas de 1.680 pessoas foram ceifadas em 1.519 acidentes de tr\u00e2nsito. Em 2015, o n\u00famero era de 1.735 \u00f3bitos em 1.531 casos. A meta do Detran para o ano passado era atingir o m\u00e1ximo de 1.813 v\u00edtimas fatais. Baseado nessa proje\u00e7\u00e3o, foram 133 \u00f3bitos a menos.<\/p>\n<p style=\"text-align: justify;\">Apesar de ainda alto, \u00e9 o menor \u00edndice de fatalidade, desde que foi adotada nova metodologia de levantamento estat\u00edstico, em 2007.<\/p>\n<p style=\"text-align: justify;\">Conforme o Detran, na nova metodologia, passaram a ser computadas tamb\u00e9m as mortes ocorridas at\u00e9 30 dias depois do acidente, seguindo defini\u00e7\u00f5es da Organiza\u00e7\u00e3o das Na\u00e7\u00f5es Unidas (ONU).<\/p>\n<p style=\"text-align: justify;\">No ano passado, o Detran registrou 587 acidentes fatais em vias municipais, 499 em estradas estaduais e 418 em rodovias federais.<\/p>\n<p style=\"text-align: justify;\">A cidade com \u00edndice mais alto de acidentes \u00e9 a capital ga\u00facha, pelo segundo ano consecutivo. Passou de 109 em 2015 para 102 no ano passado. Pelotas (42), Santa Maria (38), Caxias do Sul (33) e Canoas (32) aparecem na sequ\u00eancia.<\/p>\n<p style=\"text-align: justify;\">Ainda em 2016, houve um aumento de 4% nas mortes de pessoas entre os 30 e 49 anos. Nas demais faixas et\u00e1rias (dos 0 aos 14 anos, dos 15 aos 17 anos, dos 18 aos 29 anos, dos 60 aos 69 anos) houve diminui\u00e7\u00e3o. Sobre as v\u00edtimas com mais de 60 anos de idade, o \u00edndice ficou est\u00e1vel, em 21%.&nbsp;Em&nbsp; 2017, j\u00e1 s\u00e3o 184 mortos at\u00e9 a \u00faltima quinta-feira, 9, em 158 acidentes.&nbsp;<\/p>\n<p style=\"text-align: justify;\"><em>G1<br \/>\nFoto: Divulga\u00e7\u00e3o<\/em><\/p>","protected":false},"excerpt":{"rendered":"<p>O n\u00famero tanto de mortos no tr\u00e2nsito, quanto de acidentes com v\u00edtimas no Rio Grande do Sul, caiu 3,2% e 0,8% respectivamente, de 2015 para 2016. Os dados de acidentabilidade,&#8230;<\/p>","protected":false},"author":2,"featured_media":24936,"comment_status":"open","ping_status":"closed","sticky":false,"template":"","format":"standard","meta":{"ngg_post_thumbnail":0,"footnotes":""},"categories":[46,33,36],"tags":[529,308,519,177],"class_list":["post-24932","post","type-post","status-publish","format-standard","has-post-thumbnail","hentry","category-estado","category-noticias","category-policia","tag-acidentes","tag-detran","tag-estado-2","tag-policia-2"],"amp_enabled":true,"_links":{"self":[{"href":"https:\/\/www2.comunitaria.com.br\/en\/wp-json\/wp\/v2\/posts\/24932","targetHints":{"allow":["GET"]}}],"collection":[{"href":"https:\/\/www2.comunitaria.com.br\/en\/wp-json\/wp\/v2\/posts"}],"about":[{"href":"https:\/\/www2.comunitaria.com.br\/en\/wp-json\/wp\/v2\/types\/post"}],"author":[{"embeddable":true,"href":"https:\/\/www2.comunitaria.com.br\/en\/wp-json\/wp\/v2\/users\/2"}],"replies":[{"embeddable":true,"href":"https:\/\/www2.comunitaria.com.br\/en\/wp-json\/wp\/v2\/comments?post=24932"}],"version-history":[{"count":0,"href":"https:\/\/www2.comunitaria.com.br\/en\/wp-json\/wp\/v2\/posts\/24932\/revisions"}],"wp:featuredmedia":[{"embeddable":true,"href":"https:\/\/www2.comunitaria.com.br\/en\/wp-json\/wp\/v2\/media\/24936"}],"wp:attachment":[{"href":"https:\/\/www2.comunitaria.com.br\/en\/wp-json\/wp\/v2\/media?parent=24932"}],"wp:term":[{"taxonomy":"category","embeddable":true,"href":"https:\/\/www2.comunitaria.com.br\/en\/wp-json\/wp\/v2\/categories?post=24932"},{"taxonomy":"post_tag","embeddable":true,"href":"https:\/\/www2.comunitaria.com.br\/en\/wp-json\/wp\/v2\/tags?post=24932"}],"curies":[{"name":"wp","href":"https:\/\/api.w.org\/{rel}","templated":true}]}}