{"id":24904,"date":"2017-02-16T11:33:31","date_gmt":"2017-02-16T13:33:31","guid":{"rendered":"http:\/\/www2.comunitaria.com.br\/?p=24904"},"modified":"2017-02-16T11:44:17","modified_gmt":"2017-02-16T13:44:17","slug":"torcidas-do-leao-da-colina-se-unificam","status":"publish","type":"post","link":"https:\/\/www2.comunitaria.com.br\/en\/torcidas-do-leao-da-colina-se-unificam\/","title":{"rendered":"Torcidas do Le\u00e3o da Colina se unem pelo clube"},"content":{"rendered":"<p style=\"text-align: justify;\">Com a inten\u00e7\u00e3o de fortalecer suas torcidas organizadas e trazer mais p\u00fablico ao Vermelh\u00e3o da Colina, integrantes da Geral do Uni\u00e3o e Guerreiros do Le\u00e3o uniram for\u00e7as e passam a se chamar: Guerreiros da Geral. A reuni\u00e3o de unifica\u00e7\u00e3o ocorreu na noite desta quarta-feira, 15, e contou com as presen\u00e7as do presidente do Uni\u00e3o Frederiquense, Edson Cantarelli, representantes das duas torcidas, e do vice-prefeito, Diogo Duarte. A Guerreiros da Geral ter\u00e1 F\u00e1bio Martins, como presidente, e Katieli de Aquino Ferreira, de vice-presidente.<\/p>\n<p style=\"text-align: justify;\">Ou\u00e7a o presidente, F\u00e1bio Martins:<\/p>\n<!--[if lt IE 9]><script>document.createElement('audio');<\/script><![endif]-->\n<audio class=\"wp-audio-shortcode\" id=\"audio-24904-1\" preload=\"none\" style=\"width: 100%;\" controls=\"controls\"><source type=\"audio\/mpeg\" src=\"http:\/\/www2.comunitaria.com.br\/wp-content\/uploads\/2017\/02\/FABIO-SONORA-1-1.mp3?_=1\" \/><a href=\"http:\/\/www2.comunitaria.com.br\/wp-content\/uploads\/2017\/02\/FABIO-SONORA-1-1.mp3\">http:\/\/www2.comunitaria.com.br\/wp-content\/uploads\/2017\/02\/FABIO-SONORA-1-1.mp3<\/a><\/audio>\n<p style=\"text-align: justify;\">Ou\u00e7a a vice-presidente, Katieli de Aquino Ferreira:<\/p>\n<audio class=\"wp-audio-shortcode\" id=\"audio-24904-2\" preload=\"none\" style=\"width: 100%;\" controls=\"controls\"><source type=\"audio\/mpeg\" src=\"http:\/\/www2.comunitaria.com.br\/wp-content\/uploads\/2017\/02\/KATIELI-SONORA-DOIS-1.mp3?_=2\" \/><a href=\"http:\/\/www2.comunitaria.com.br\/wp-content\/uploads\/2017\/02\/KATIELI-SONORA-DOIS-1.mp3\">http:\/\/www2.comunitaria.com.br\/wp-content\/uploads\/2017\/02\/KATIELI-SONORA-DOIS-1.mp3<\/a><\/audio>\n<p style=\"text-align: justify;\">&nbsp;<\/p>\n<p style=\"text-align: justify;\"><em>Foto: F\u00e1bio Pelinson\/Jornal O Alto Uruguai<\/em><\/p>\n<p style=\"text-align: justify;\"><em>Diego Macagnan<\/em><\/p>","protected":false},"excerpt":{"rendered":"<p>Com a inten\u00e7\u00e3o de fortalecer suas torcidas organizadas e trazer mais p\u00fablico ao Vermelh\u00e3o da Colina, integrantes da Geral do Uni\u00e3o e Guerreiros do Le\u00e3o uniram for\u00e7as e passam a se chamar: Guerreiros da Geral. A reuni\u00e3o de unifica\u00e7\u00e3o ocorreu na noite desta quarta-feira, 15, e contou com as presen\u00e7as do presidente do Uni\u00e3o Frederiquense,<\/p>\n<div class=\"read-more-wrapper\"><a class=\"read-more\" href=\"https:\/\/www2.comunitaria.com.br\/en\/torcidas-do-leao-da-colina-se-unificam\/\" title=\"Read More\"> <span class=\"button\">Read More<\/span><\/a><\/div>","protected":false},"author":2,"featured_media":24907,"comment_status":"open","ping_status":"closed","sticky":false,"template":"","format":"standard","meta":{"ngg_post_thumbnail":0,"footnotes":""},"categories":[51,34,28,48],"tags":[],"class_list":["post-24904","post","type-post","status-publish","format-standard","has-post-thumbnail","hentry","category-audio","category-esportes","category-destaque","category-uniao-frederiquense"],"amp_enabled":true,"_links":{"self":[{"href":"https:\/\/www2.comunitaria.com.br\/en\/wp-json\/wp\/v2\/posts\/24904","targetHints":{"allow":["GET"]}}],"collection":[{"href":"https:\/\/www2.comunitaria.com.br\/en\/wp-json\/wp\/v2\/posts"}],"about":[{"href":"https:\/\/www2.comunitaria.com.br\/en\/wp-json\/wp\/v2\/types\/post"}],"author":[{"embeddable":true,"href":"https:\/\/www2.comunitaria.com.br\/en\/wp-json\/wp\/v2\/users\/2"}],"replies":[{"embeddable":true,"href":"https:\/\/www2.comunitaria.com.br\/en\/wp-json\/wp\/v2\/comments?post=24904"}],"version-history":[{"count":0,"href":"https:\/\/www2.comunitaria.com.br\/en\/wp-json\/wp\/v2\/posts\/24904\/revisions"}],"wp:featuredmedia":[{"embeddable":true,"href":"https:\/\/www2.comunitaria.com.br\/en\/wp-json\/wp\/v2\/media\/24907"}],"wp:attachment":[{"href":"https:\/\/www2.comunitaria.com.br\/en\/wp-json\/wp\/v2\/media?parent=24904"}],"wp:term":[{"taxonomy":"category","embeddable":true,"href":"https:\/\/www2.comunitaria.com.br\/en\/wp-json\/wp\/v2\/categories?post=24904"},{"taxonomy":"post_tag","embeddable":true,"href":"https:\/\/www2.comunitaria.com.br\/en\/wp-json\/wp\/v2\/tags?post=24904"}],"curies":[{"name":"wp","href":"https:\/\/api.w.org\/{rel}","templated":true}]}}