{"id":24877,"date":"2017-02-14T15:03:24","date_gmt":"2017-02-14T17:03:24","guid":{"rendered":"http:\/\/www2.comunitaria.com.br\/?p=24877"},"modified":"2017-02-16T11:00:05","modified_gmt":"2017-02-16T13:00:05","slug":"entrevista-quem-nao-apoia-nao-tem-direito-a-nos-cobrar-o-acesso-diz-presidente-do-lajeadense","status":"publish","type":"post","link":"https:\/\/www2.comunitaria.com.br\/en\/entrevista-quem-nao-apoia-nao-tem-direito-a-nos-cobrar-o-acesso-diz-presidente-do-lajeadense\/","title":{"rendered":"Entrevista: \u201cQuem n\u00e3o apoia, n\u00e3o tem direito de nos cobrar o acesso\u201d, diz presidente do Lajeadense"},"content":{"rendered":"<p style=\"text-align: justify;\">Na s\u00e9tima entrevista com os presidentes dos clubes que ir\u00e3o jogar a Divis\u00e3o de Acesso 2017, a R\u00e1dio Comunit\u00e1ria conversou com Everton Giovanella, do Lajeadense. Apesar de conquistar os principais t\u00edtulos de sua hist\u00f3ria como a tr\u00edplice coroa das Copas da Federa\u00e7\u00e3o Ga\u00facha de Futebol, no ano de 2014, e disputa da S\u00e9rie D, em 2015, o time do Vale do Taquari foi rebaixado no Gauch\u00e3o 2016. Para o mandat\u00e1rio do clube, foram cometidos muitos erros, mas as faltas de apoio do setor p\u00fablico e da comunidade de Lajeado tamb\u00e9m contribu\u00edram para o descenso.<\/p>\n<p style=\"text-align: justify;\"><em>\u201cA situa\u00e7\u00e3o financeira do Lajeadense \u00e9 parecida com as dos outros clubes da Divis\u00e3o de Acesso, ainda mais que viemos de um descenso. O nosso rebaixamento ocorreu pela falta de apoio do poder p\u00fablico e erros que cometemos por n\u00e3o conseguir montar um time de s\u00e9rie A de Gauch\u00e3o. A press\u00e3o para subir este ano existe, mas n\u00e3o estamos preocupados. Quem n\u00e3o apoia, n\u00e3o tem direito de nos cobrar o<\/em> acesso\u201d.<\/p>\n<p style=\"text-align: justify;\">Na casamata, o Lajeadense ter\u00e1 um velho conhecido do Uni\u00e3o Frederiquense. O t\u00e9cnico, Rodrigo Bandeira, um dos respons\u00e1veis pelo acesso de 2014, ser\u00e1 o treinador que tentar\u00e1 reconduzir o time de Lajeado \u00e0 primeira divis\u00e3o ga\u00facha. Everton Giovanella faz elogios a Bandeira por ser um conhecedor da Divis\u00e3o de Acesso e na aposta de jovens promessas da base.<\/p>\n<p style=\"text-align: justify;\"><em>\u201cRodrigo Bandeira \u00e9 um excelente treinador. O contratamos, justamente, por ser conhecedor da Divis\u00e3o de Acesso e das categorias de base. Em nosso elenco temos 11 jovens formados aqui no Lajeadense. Sei que o Bandeira vai conseguir tirar o m\u00e1ximo deles. Acredito que vamos fazer uma boa Divis\u00e3o de Acesso\u201d.<\/em><\/p>\n<p style=\"text-align: justify;\">O Lajeadense estreia na Divis\u00e3o de Acesso 2017 diante do Gl\u00f3ria fora de casa no dia 05\/03, \u00e0s 17h, no est\u00e1dio Altos da Gl\u00f3ria, em Vacaria.<\/p>\n<!--[if lt IE 9]><script>document.createElement('audio');<\/script><![endif]-->\n<audio class=\"wp-audio-shortcode\" id=\"audio-24877-1\" preload=\"none\" style=\"width: 100%;\" controls=\"controls\"><source type=\"audio\/mpeg\" src=\"http:\/\/www2.comunitaria.com.br\/wp-content\/uploads\/2017\/02\/Everton-Giovanela-presidente-do-Lajeadense.mp3?_=1\" \/><a href=\"http:\/\/www2.comunitaria.com.br\/wp-content\/uploads\/2017\/02\/Everton-Giovanela-presidente-do-Lajeadense.mp3\">http:\/\/www2.comunitaria.com.br\/wp-content\/uploads\/2017\/02\/Everton-Giovanela-presidente-do-Lajeadense.mp3<\/a><\/audio>\n<p style=\"text-align: justify;\">&nbsp;<\/p>\n<p style=\"text-align: justify;\"><em>Foto: Jornal A Hora\/ Diego Macagnan<\/em><\/p>","protected":false},"excerpt":{"rendered":"<p>Na s\u00e9tima entrevista com os presidentes dos clubes que ir\u00e3o jogar a Divis\u00e3o de Acesso 2017, a R\u00e1dio Comunit\u00e1ria conversou com Everton Giovanella, do Lajeadense. Apesar de conquistar os principais t\u00edtulos de sua hist\u00f3ria como a tr\u00edplice coroa das Copas da Federa\u00e7\u00e3o Ga\u00facha de Futebol, no ano de 2014, e disputa da S\u00e9rie D, em<\/p>\n<div class=\"read-more-wrapper\"><a class=\"read-more\" href=\"https:\/\/www2.comunitaria.com.br\/en\/entrevista-quem-nao-apoia-nao-tem-direito-a-nos-cobrar-o-acesso-diz-presidente-do-lajeadense\/\" title=\"Read More\"> <span class=\"button\">Read More<\/span><\/a><\/div>","protected":false},"author":2,"featured_media":24880,"comment_status":"open","ping_status":"closed","sticky":false,"template":"","format":"standard","meta":{"ngg_post_thumbnail":0,"footnotes":""},"categories":[51,993,34,28,33,48],"tags":[],"class_list":["post-24877","post","type-post","status-publish","format-standard","has-post-thumbnail","hentry","category-audio","category-entrevista","category-esportes","category-destaque","category-noticias","category-uniao-frederiquense"],"amp_enabled":true,"_links":{"self":[{"href":"https:\/\/www2.comunitaria.com.br\/en\/wp-json\/wp\/v2\/posts\/24877","targetHints":{"allow":["GET"]}}],"collection":[{"href":"https:\/\/www2.comunitaria.com.br\/en\/wp-json\/wp\/v2\/posts"}],"about":[{"href":"https:\/\/www2.comunitaria.com.br\/en\/wp-json\/wp\/v2\/types\/post"}],"author":[{"embeddable":true,"href":"https:\/\/www2.comunitaria.com.br\/en\/wp-json\/wp\/v2\/users\/2"}],"replies":[{"embeddable":true,"href":"https:\/\/www2.comunitaria.com.br\/en\/wp-json\/wp\/v2\/comments?post=24877"}],"version-history":[{"count":0,"href":"https:\/\/www2.comunitaria.com.br\/en\/wp-json\/wp\/v2\/posts\/24877\/revisions"}],"wp:featuredmedia":[{"embeddable":true,"href":"https:\/\/www2.comunitaria.com.br\/en\/wp-json\/wp\/v2\/media\/24880"}],"wp:attachment":[{"href":"https:\/\/www2.comunitaria.com.br\/en\/wp-json\/wp\/v2\/media?parent=24877"}],"wp:term":[{"taxonomy":"category","embeddable":true,"href":"https:\/\/www2.comunitaria.com.br\/en\/wp-json\/wp\/v2\/categories?post=24877"},{"taxonomy":"post_tag","embeddable":true,"href":"https:\/\/www2.comunitaria.com.br\/en\/wp-json\/wp\/v2\/tags?post=24877"}],"curies":[{"name":"wp","href":"https:\/\/api.w.org\/{rel}","templated":true}]}}