{"id":2481,"date":"2015-02-10T15:45:36","date_gmt":"2015-02-10T17:45:36","guid":{"rendered":"http:\/\/www2.comunitaria.com.br\/?p=2481"},"modified":"2015-02-10T15:45:36","modified_gmt":"2015-02-10T17:45:36","slug":"novo-reforco-do-uniao-ja-treina-com-o-restante-do-grupo","status":"publish","type":"post","link":"https:\/\/www2.comunitaria.com.br\/en\/novo-reforco-do-uniao-ja-treina-com-o-restante-do-grupo\/","title":{"rendered":"Novo refor\u00e7o do Uni\u00e3o j\u00e1 treina com o restante do grupo"},"content":{"rendered":"<p style=\"text-align: justify;\">M\u00e1rcio Bamb\u00fa \u00e9 o nome do mais novo jogador do Le\u00e3o da Colina e leva esse apelido pelos seus 1,92 m de altura. O atleta de 32 anos, jogava no mesmo clube que o zagueiro, tamb\u00e9m rec\u00e9m-contratado, Talis, o Louletano e apesar de ser carioca, possui experi\u00eancia no Campeonato Ga\u00facho tendo atuado pelo Cruzeiro-Poa e pelo S\u00e3o Luiz.<\/p>\n<p style=\"text-align: justify;\">O atleta j\u00e1 foi integrado ao restante do grupo, no entanto ainda n\u00e3o realizou nenhum trabalho com bola. A sua condi\u00e7\u00e3o f\u00edsica n\u00e3o \u00e9 algo que preocupa a comiss\u00e3o t\u00e9cnica, apesar de n\u00e3o ter feito nenhuma avalia\u00e7\u00e3o, segundo o preparador f\u00edsico Pedro Francke, o atleta n\u00e3o chegou a cima do peso e mesmo n\u00e3o tendo atuado desde dezembro, deve estar trabalhando com a equipe o mais r\u00e1pido poss\u00edvel.<\/p>\n<p style=\"text-align: justify;\"><strong>Mudan\u00e7as na equipe<\/strong><\/p>\n<p style=\"text-align: justify;\">O treinamento desta ter\u00e7a-feira, 10, tamb\u00e9m marcou a volta do lateral-direito R\u00e9gis, no lugar de Thomas. R\u00e9gis disputou a primeira rodada contra o Gr\u00eamio e ficou as duas rodadas seguintes ausente, dando lugar ao jovem de Ametista do Sul. A outra mudan\u00e7a foi a entrada do volante Almir, que atuou ao lado dos outros dois volantes Jovany e Willian Bones.<\/p>\n<p style=\"text-align: justify;\">\n<p style=\"text-align: justify;\"><em>Jornal O Alto Uruguai\u00a0<\/em><\/p>","protected":false},"excerpt":{"rendered":"<p>M\u00e1rcio Bamb\u00fa \u00e9 o nome do mais novo jogador do Le\u00e3o da Colina e leva esse apelido pelos seus 1,92 m de altura. O atleta de 32 anos, jogava no mesmo clube que o zagueiro, tamb\u00e9m rec\u00e9m-contratado, Talis, o Louletano e apesar de ser carioca, possui experi\u00eancia no Campeonato Ga\u00facho tendo atuado pelo Cruzeiro-Poa e<\/p>\n<div class=\"read-more-wrapper\"><a class=\"read-more\" href=\"https:\/\/www2.comunitaria.com.br\/en\/novo-reforco-do-uniao-ja-treina-com-o-restante-do-grupo\/\" title=\"Read More\"> <span class=\"button\">Read More<\/span><\/a><\/div>","protected":false},"author":2,"featured_media":2482,"comment_status":"open","ping_status":"closed","sticky":false,"template":"","format":"standard","meta":{"ngg_post_thumbnail":0,"footnotes":""},"categories":[34,33,48],"tags":[225,709,453,171],"class_list":["post-2481","post","type-post","status-publish","format-standard","has-post-thumbnail","hentry","category-esportes","category-noticias","category-uniao-frederiquense","tag-contratacao","tag-marcio-bambu","tag-reforco","tag-uniao"],"amp_enabled":true,"_links":{"self":[{"href":"https:\/\/www2.comunitaria.com.br\/en\/wp-json\/wp\/v2\/posts\/2481","targetHints":{"allow":["GET"]}}],"collection":[{"href":"https:\/\/www2.comunitaria.com.br\/en\/wp-json\/wp\/v2\/posts"}],"about":[{"href":"https:\/\/www2.comunitaria.com.br\/en\/wp-json\/wp\/v2\/types\/post"}],"author":[{"embeddable":true,"href":"https:\/\/www2.comunitaria.com.br\/en\/wp-json\/wp\/v2\/users\/2"}],"replies":[{"embeddable":true,"href":"https:\/\/www2.comunitaria.com.br\/en\/wp-json\/wp\/v2\/comments?post=2481"}],"version-history":[{"count":0,"href":"https:\/\/www2.comunitaria.com.br\/en\/wp-json\/wp\/v2\/posts\/2481\/revisions"}],"wp:featuredmedia":[{"embeddable":true,"href":"https:\/\/www2.comunitaria.com.br\/en\/wp-json\/wp\/v2\/media\/2482"}],"wp:attachment":[{"href":"https:\/\/www2.comunitaria.com.br\/en\/wp-json\/wp\/v2\/media?parent=2481"}],"wp:term":[{"taxonomy":"category","embeddable":true,"href":"https:\/\/www2.comunitaria.com.br\/en\/wp-json\/wp\/v2\/categories?post=2481"},{"taxonomy":"post_tag","embeddable":true,"href":"https:\/\/www2.comunitaria.com.br\/en\/wp-json\/wp\/v2\/tags?post=2481"}],"curies":[{"name":"wp","href":"https:\/\/api.w.org\/{rel}","templated":true}]}}