{"id":2479,"date":"2015-02-10T15:31:18","date_gmt":"2015-02-10T17:31:18","guid":{"rendered":"http:\/\/www2.comunitaria.com.br\/?p=2479"},"modified":"2015-02-10T15:31:18","modified_gmt":"2015-02-10T17:31:18","slug":"pesquisa-diz-que-40-da-populacao-do-sul-nao-usou-preservativo-com-parceiros-casuais","status":"publish","type":"post","link":"https:\/\/www2.comunitaria.com.br\/en\/pesquisa-diz-que-40-da-populacao-do-sul-nao-usou-preservativo-com-parceiros-casuais\/","title":{"rendered":"Pesquisa diz que 40% da popula\u00e7\u00e3o do Sul n\u00e3o usou preservativo com parceiros casuais"},"content":{"rendered":"<p style=\"text-align: justify;\">Ainda que reconhe\u00e7am o uso do preservativo como a melhor forma de preven\u00e7\u00e3o contra DSTs e Aids, muitos brasileiros ainda adotam um comportamento de risco.<\/p>\n<p style=\"text-align: justify;\">De acordo com a Pesquisa de Conhecimentos, Atitudes e Pr\u00e1ticas na Popula\u00e7\u00e3o Brasileira (PCAP), realizada pelo Minist\u00e9rio da Sa\u00fade em 2013, na regi\u00e3o Sul, 96%\u00a0das pessoas sabem da import\u00e2ncia da camisinha, mas 40% da popula\u00e7\u00e3o sexualmente ativa n\u00e3o fez uso de prote\u00e7\u00e3o com parceiros casuais.<\/p>\n<p style=\"text-align: justify;\">Os dados regionais comparativos com as pesquisas anteriores mostram que o uso do preservativo em todas as rela\u00e7\u00f5es sexuais, com parceiros casuais, nos \u00faltimos 12 meses teve uma queda em 2008, mas retornou ao mesmo \u00edndice do in\u00edcio da pesquisa em 2013 \u2013 60,9% em 2004; 47,6% em 2008; 60,4% em 2013 \u2013 apesar das constantes campanhas de est\u00edmulo ao uso do preservativo durante todos esses anos. Al\u00e9m disso, houve um crescimento significativo de pessoas que relataram ter tido mais de 10 parceiros sexuais na vida. Esse percentual subiu de 16% em 2004 para 25% em 2008, chegando aos atuais 49% no ano de 2013.<\/p>\n<p style=\"text-align: justify;\"><b>Campanha do Carnaval <\/b><\/p>\n<p>Pela primeira vez, a estrat\u00e9gia prev\u00ea a extens\u00e3o da campanha, al\u00e9m do Carnaval, com adapta\u00e7\u00f5es, para festas populares, como S\u00e3o Jo\u00e3o e outros eventos, em todo o pa\u00eds, durante todo o resto do ano. A mensagem geral da campanha \u00e9 informar o jovem para se prevenir contra o v\u00edrus da aids, usar camisinha, fazer o teste e, se der positivo, come\u00e7ar logo o tratamento, refor\u00e7ando o conceito \u201ccamisinha + teste + medicamento\u201d de preven\u00e7\u00e3o combinada.<\/p>\n<p>Ser\u00e3o cerca de 129 mil cartazes em quatro vers\u00f5es \u2013 segmentados para a popula\u00e7\u00e3o jovem, travesti e jovem gay \u2013 um spot de r\u00e1dio, 315 mil folders explicativos da preven\u00e7\u00e3o combinada e um v\u00eddeo para TV. Os materiais refor\u00e7am o slogan final usando a g\u00edria \u201c# partiu teste\u201d, linguagem t\u00edpica desta faixa et\u00e1ria priorit\u00e1ria.<\/p>\n<p style=\"text-align: justify;\">\n<p style=\"text-align: justify;\"><em>C.P.<\/em><\/p>","protected":false},"excerpt":{"rendered":"<p>Ainda que reconhe\u00e7am o uso do preservativo como a melhor forma de preven\u00e7\u00e3o contra DSTs e Aids, muitos brasileiros ainda adotam um comportamento de risco. De acordo com a Pesquisa&#8230;<\/p>","protected":false},"author":2,"featured_media":2480,"comment_status":"open","ping_status":"closed","sticky":false,"template":"","format":"standard","meta":{"ngg_post_thumbnail":0,"footnotes":""},"categories":[46,33,37],"tags":[291,715,455,716],"class_list":["post-2479","post","type-post","status-publish","format-standard","has-post-thumbnail","hentry","category-estado","category-noticias","category-saude","tag-aids","tag-camisinha","tag-carnaval","tag-prevencao"],"amp_enabled":true,"_links":{"self":[{"href":"https:\/\/www2.comunitaria.com.br\/en\/wp-json\/wp\/v2\/posts\/2479","targetHints":{"allow":["GET"]}}],"collection":[{"href":"https:\/\/www2.comunitaria.com.br\/en\/wp-json\/wp\/v2\/posts"}],"about":[{"href":"https:\/\/www2.comunitaria.com.br\/en\/wp-json\/wp\/v2\/types\/post"}],"author":[{"embeddable":true,"href":"https:\/\/www2.comunitaria.com.br\/en\/wp-json\/wp\/v2\/users\/2"}],"replies":[{"embeddable":true,"href":"https:\/\/www2.comunitaria.com.br\/en\/wp-json\/wp\/v2\/comments?post=2479"}],"version-history":[{"count":0,"href":"https:\/\/www2.comunitaria.com.br\/en\/wp-json\/wp\/v2\/posts\/2479\/revisions"}],"wp:featuredmedia":[{"embeddable":true,"href":"https:\/\/www2.comunitaria.com.br\/en\/wp-json\/wp\/v2\/media\/2480"}],"wp:attachment":[{"href":"https:\/\/www2.comunitaria.com.br\/en\/wp-json\/wp\/v2\/media?parent=2479"}],"wp:term":[{"taxonomy":"category","embeddable":true,"href":"https:\/\/www2.comunitaria.com.br\/en\/wp-json\/wp\/v2\/categories?post=2479"},{"taxonomy":"post_tag","embeddable":true,"href":"https:\/\/www2.comunitaria.com.br\/en\/wp-json\/wp\/v2\/tags?post=2479"}],"curies":[{"name":"wp","href":"https:\/\/api.w.org\/{rel}","templated":true}]}}