{"id":24716,"date":"2017-02-06T14:05:18","date_gmt":"2017-02-06T16:05:18","guid":{"rendered":"http:\/\/www2.comunitaria.com.br\/?p=24716"},"modified":"2017-02-06T15:50:20","modified_gmt":"2017-02-06T17:50:20","slug":"agencias-bancarias-de-miraguai-sao-alvo-de-assalto","status":"publish","type":"post","link":"https:\/\/www2.comunitaria.com.br\/en\/agencias-bancarias-de-miraguai-sao-alvo-de-assalto\/","title":{"rendered":"Ag\u00eancias banc\u00e1rias de Miragua\u00ed s\u00e3o alvo de assalto"},"content":{"rendered":"<div id=\"attachment_24722\" style=\"width: 331px\" class=\"wp-caption alignright\"><a href=\"http:\/\/www2.comunitaria.com.br\/en\/agencias-bancarias-de-miraguai-sao-alvo-de-assalto\/16640657_1419067251458973_1876203088535747819_n\/\" rel=\"attachment wp-att-24722\"><img loading=\"lazy\" decoding=\"async\" aria-describedby=\"caption-attachment-24722\" class=\"wp-image-24722\" src=\"http:\/\/www2.comunitaria.com.br\/wp-content\/uploads\/2017\/02\/16640657_1419067251458973_1876203088535747819_n.jpg\" width=\"321\" height=\"180\" srcset=\"https:\/\/www2.comunitaria.com.br\/wp-content\/uploads\/2017\/02\/16640657_1419067251458973_1876203088535747819_n.jpg 960w, https:\/\/www2.comunitaria.com.br\/wp-content\/uploads\/2017\/02\/16640657_1419067251458973_1876203088535747819_n-300x168.jpg 300w, https:\/\/www2.comunitaria.com.br\/wp-content\/uploads\/2017\/02\/16640657_1419067251458973_1876203088535747819_n-768x431.jpg 768w, https:\/\/www2.comunitaria.com.br\/wp-content\/uploads\/2017\/02\/16640657_1419067251458973_1876203088535747819_n-260x145.jpg 260w\" sizes=\"auto, (max-width: 321px) 100vw, 321px\" \/><\/a><p id=\"caption-attachment-24722\" class=\"wp-caption-text\">Foto: Prov\u00edncia FM<\/p><\/div>\n<p style=\"text-align: justify;\">No in\u00edcio da tarde desta segunda-feira, 6, as ag\u00eancias do Sicredi e do Banrisul de Miragua\u00ed foram alvo de assalto. As ag\u00eancias foram atacadas simultaneamente por homens armados que trocaram tiros com a pol\u00edcia, al\u00e9m de fazer um escudo humano com cerca de 30 pessoas.<\/p>\n<p style=\"text-align: justify;\">Um sargento da Brigada Militar foi levado pelos assaltantes como ref\u00e9m, por\u00e9m foi liberado, sem ferimentos na sa\u00edda do munic\u00edpio. Os assaltantes ainda&nbsp;roubaram uma viatura da BM que foi abandonada e queimada tamb\u00e9m na sa\u00edda da cidade, sentido Redentora.<\/p>\n<p style=\"text-align: justify;\">Policiais militares do 37\u00ba BPM, de Frederico Westphalen, est\u00e3o monitorando as estradas da regi\u00e3o para tentar capturar a quadrilha que teria utilizado um Cruze branco e um Corolla prata na a\u00e7\u00e3o.<\/p>\n<p style=\"text-align: justify;\"><em>Foto: Divulga\u00e7\u00e3o<\/em><\/p>","protected":false},"excerpt":{"rendered":"<p>No in\u00edcio da tarde desta segunda-feira, 6, as ag\u00eancias do Sicredi e do Banrisul de Miragua\u00ed foram alvo de assalto. As ag\u00eancias foram atacadas simultaneamente por homens armados que trocaram tiros com a pol\u00edcia, al\u00e9m de fazer um escudo humano com cerca de 30 pessoas. Um sargento da Brigada Militar foi levado pelos assaltantes como<\/p>\n<div class=\"read-more-wrapper\"><a class=\"read-more\" href=\"https:\/\/www2.comunitaria.com.br\/en\/agencias-bancarias-de-miraguai-sao-alvo-de-assalto\/\" title=\"Read More\"> <span class=\"button\">Read More<\/span><\/a><\/div>","protected":false},"author":2,"featured_media":24717,"comment_status":"open","ping_status":"closed","sticky":false,"template":"","format":"standard","meta":{"ngg_post_thumbnail":0,"footnotes":""},"categories":[28,33,36,43],"tags":[405,2391,3403,177,86],"class_list":["post-24716","post","type-post","status-publish","format-standard","has-post-thumbnail","hentry","category-destaque","category-noticias","category-policia","category-regiao","tag-assalto","tag-banco","tag-miraguai","tag-policia-2","tag-regiao-2"],"amp_enabled":true,"_links":{"self":[{"href":"https:\/\/www2.comunitaria.com.br\/en\/wp-json\/wp\/v2\/posts\/24716","targetHints":{"allow":["GET"]}}],"collection":[{"href":"https:\/\/www2.comunitaria.com.br\/en\/wp-json\/wp\/v2\/posts"}],"about":[{"href":"https:\/\/www2.comunitaria.com.br\/en\/wp-json\/wp\/v2\/types\/post"}],"author":[{"embeddable":true,"href":"https:\/\/www2.comunitaria.com.br\/en\/wp-json\/wp\/v2\/users\/2"}],"replies":[{"embeddable":true,"href":"https:\/\/www2.comunitaria.com.br\/en\/wp-json\/wp\/v2\/comments?post=24716"}],"version-history":[{"count":0,"href":"https:\/\/www2.comunitaria.com.br\/en\/wp-json\/wp\/v2\/posts\/24716\/revisions"}],"wp:featuredmedia":[{"embeddable":true,"href":"https:\/\/www2.comunitaria.com.br\/en\/wp-json\/wp\/v2\/media\/24717"}],"wp:attachment":[{"href":"https:\/\/www2.comunitaria.com.br\/en\/wp-json\/wp\/v2\/media?parent=24716"}],"wp:term":[{"taxonomy":"category","embeddable":true,"href":"https:\/\/www2.comunitaria.com.br\/en\/wp-json\/wp\/v2\/categories?post=24716"},{"taxonomy":"post_tag","embeddable":true,"href":"https:\/\/www2.comunitaria.com.br\/en\/wp-json\/wp\/v2\/tags?post=24716"}],"curies":[{"name":"wp","href":"https:\/\/api.w.org\/{rel}","templated":true}]}}