{"id":24711,"date":"2017-02-06T09:54:55","date_gmt":"2017-02-06T11:54:55","guid":{"rendered":"http:\/\/www2.comunitaria.com.br\/?p=24711"},"modified":"2017-02-06T09:54:55","modified_gmt":"2017-02-06T11:54:55","slug":"resultado-da-primeira-chamada-do-prouni-e-divulgado","status":"publish","type":"post","link":"https:\/\/www2.comunitaria.com.br\/en\/resultado-da-primeira-chamada-do-prouni-e-divulgado\/","title":{"rendered":"Resultado da primeira chamada do ProUni \u00e9 divulgado"},"content":{"rendered":"<p style=\"text-align: justify;\">O resultado da primeira chamada do Programa Universidade para Todos (ProUni) j\u00e1 est\u00e1 dispon\u00edvel para consulta. Os estudantes podem acessar a <a href=\"http:\/\/siteprouni.mec.gov.br\/\" target=\"_blank\">p\u00e1gina do programa na internet<\/a> ou entrar em contato com a Central de Atendimento por meio do telefone 0800-616161.<\/p>\n<p style=\"text-align: justify;\">Os candidatos pr\u00e9-selecionados t\u00eam at\u00e9 o pr\u00f3ximo dia 13 para apresentar \u00e0 institui\u00e7\u00e3o de ensino documentos que comprovem as informa\u00e7\u00f5es prestadas na ficha de inscri\u00e7\u00e3o. A perda do prazo ou a n\u00e3o comprova\u00e7\u00e3o das informa\u00e7\u00f5es implicar\u00e1, automaticamente, a reprova\u00e7\u00e3o do candidato.<\/p>\n<p style=\"text-align: justify;\">De acordo com o Minist\u00e9rio da Educa\u00e7\u00e3o, o resultado da segunda chamada do programa ser\u00e1 divulgado no pr\u00f3ximo dia 20. Os alunos que n\u00e3o forem selecionados nessa etapa ainda ter\u00e3o a chance de participar da lista de espera, que deve ser divulgada nos dias 7 e 8 de mar\u00e7o.<\/p>\n<p style=\"text-align: justify;\">O ProUni concede bolsas de estudo integrais e parciais em cursos de gradua\u00e7\u00e3o em institui\u00e7\u00f5es privadas de educa\u00e7\u00e3o superior de todo o pa\u00eds. A sele\u00e7\u00e3o dos candidatos \u00e9 feita com base nas notas do Exame Nacional do Ensino M\u00e9dio (Enem).<\/p>\n<p style=\"text-align: justify;\">Neste processo seletivo, s\u00e3o oferecidas 214.110 bolsas de estudo. O n\u00famero representa crescimento de 5% em rela\u00e7\u00e3o ao mesmo per\u00edodo do ano passado, quando foram ofertadas 203.602 bolsas.&nbsp;<\/p>\n<p style=\"text-align: justify;\"><em>Ag\u00eancia Brasil<\/em><\/p>","protected":false},"excerpt":{"rendered":"<p>O resultado da primeira chamada do Programa Universidade para Todos (ProUni) j\u00e1 est\u00e1 dispon\u00edvel para consulta. Os estudantes podem acessar a p\u00e1gina do programa na internet ou entrar em contato com a Central de Atendimento por meio do telefone 0800-616161. Os candidatos pr\u00e9-selecionados t\u00eam at\u00e9 o pr\u00f3ximo dia 13 para apresentar \u00e0 institui\u00e7\u00e3o de ensino<\/p>\n<div class=\"read-more-wrapper\"><a class=\"read-more\" href=\"https:\/\/www2.comunitaria.com.br\/en\/resultado-da-primeira-chamada-do-prouni-e-divulgado\/\" title=\"Read More\"> <span class=\"button\">Read More<\/span><\/a><\/div>","protected":false},"author":2,"featured_media":19246,"comment_status":"open","ping_status":"closed","sticky":false,"template":"","format":"standard","meta":{"ngg_post_thumbnail":0,"footnotes":""},"categories":[47,44,33],"tags":[413,53,412,159],"class_list":["post-24711","post","type-post","status-publish","format-standard","has-post-thumbnail","hentry","category-brasil","category-educacao","category-noticias","tag-educacao-2","tag-enem","tag-prouni","tag-resultado"],"amp_enabled":true,"_links":{"self":[{"href":"https:\/\/www2.comunitaria.com.br\/en\/wp-json\/wp\/v2\/posts\/24711","targetHints":{"allow":["GET"]}}],"collection":[{"href":"https:\/\/www2.comunitaria.com.br\/en\/wp-json\/wp\/v2\/posts"}],"about":[{"href":"https:\/\/www2.comunitaria.com.br\/en\/wp-json\/wp\/v2\/types\/post"}],"author":[{"embeddable":true,"href":"https:\/\/www2.comunitaria.com.br\/en\/wp-json\/wp\/v2\/users\/2"}],"replies":[{"embeddable":true,"href":"https:\/\/www2.comunitaria.com.br\/en\/wp-json\/wp\/v2\/comments?post=24711"}],"version-history":[{"count":0,"href":"https:\/\/www2.comunitaria.com.br\/en\/wp-json\/wp\/v2\/posts\/24711\/revisions"}],"wp:featuredmedia":[{"embeddable":true,"href":"https:\/\/www2.comunitaria.com.br\/en\/wp-json\/wp\/v2\/media\/19246"}],"wp:attachment":[{"href":"https:\/\/www2.comunitaria.com.br\/en\/wp-json\/wp\/v2\/media?parent=24711"}],"wp:term":[{"taxonomy":"category","embeddable":true,"href":"https:\/\/www2.comunitaria.com.br\/en\/wp-json\/wp\/v2\/categories?post=24711"},{"taxonomy":"post_tag","embeddable":true,"href":"https:\/\/www2.comunitaria.com.br\/en\/wp-json\/wp\/v2\/tags?post=24711"}],"curies":[{"name":"wp","href":"https:\/\/api.w.org\/{rel}","templated":true}]}}