{"id":24657,"date":"2017-02-02T09:30:28","date_gmt":"2017-02-02T11:30:28","guid":{"rendered":"http:\/\/www2.comunitaria.com.br\/?p=24657"},"modified":"2017-02-02T09:30:30","modified_gmt":"2017-02-02T11:30:30","slug":"sicredi-reinaugura-agencia-de-novo-tiradentes","status":"publish","type":"post","link":"https:\/\/www2.comunitaria.com.br\/en\/sicredi-reinaugura-agencia-de-novo-tiradentes\/","title":{"rendered":"Sicredi reinaugura ag\u00eancia de Novo Tiradentes"},"content":{"rendered":"<p style=\"text-align: justify;\">Com estrutura ampla e moderna, a Sicredi Alto Uruguai RS\/SC reinaugurou nesta segunda-feira, 30 de janeiro, sua nova ag\u00eancia em Novo Tiradentes-RS. Esta \u00e9 a segunda ag\u00eancia da Cooperativa a apresentar a marca evolu\u00edda do Sicredi.<\/p>\n<p style=\"text-align: justify;\">A solenidade iniciou \u00e0s 9h da manh\u00e3, com a presen\u00e7a do prefeito municipal, Adenilson Della Paschoa, e demais lideran\u00e7as locais, bem como o presidente da Sicredi Alto Uruguai RS\/SC, Eugenio Poltronieri, o Diretor Executivo, Jaques Samuel dos Santos, o Diretor de Neg\u00f3cios M\u00e1rcio Girardi, o associado s\u00f3cio fundador, Antonio Moi, conselheiro de administra\u00e7\u00e3o, colaboradores, coordenadores de n\u00facleo, associados e comunidade local.<\/p>\n<p style=\"text-align: justify;\"><a href=\"http:\/\/www2.comunitaria.com.br\/en\/sicredi-reinaugura-agencia-de-novo-tiradentes\/reinaguracao-em-novo-tiradentes-agencia\/\" rel=\"attachment wp-att-24658\"><img loading=\"lazy\" decoding=\"async\" class=\"wp-image-24658 alignright\" src=\"http:\/\/www2.comunitaria.com.br\/wp-content\/uploads\/2017\/02\/Reinagura\u00e7\u00e3o-em-Novo-Tiradentes-Ag\u00eancia.jpg\" alt=\"\" width=\"439\" height=\"257\" srcset=\"https:\/\/www2.comunitaria.com.br\/wp-content\/uploads\/2017\/02\/Reinagura\u00e7\u00e3o-em-Novo-Tiradentes-Ag\u00eancia.jpg 1680w, https:\/\/www2.comunitaria.com.br\/wp-content\/uploads\/2017\/02\/Reinagura\u00e7\u00e3o-em-Novo-Tiradentes-Ag\u00eancia-300x176.jpg 300w, https:\/\/www2.comunitaria.com.br\/wp-content\/uploads\/2017\/02\/Reinagura\u00e7\u00e3o-em-Novo-Tiradentes-Ag\u00eancia-768x450.jpg 768w, https:\/\/www2.comunitaria.com.br\/wp-content\/uploads\/2017\/02\/Reinagura\u00e7\u00e3o-em-Novo-Tiradentes-Ag\u00eancia-1024x600.jpg 1024w\" sizes=\"auto, (max-width: 439px) 100vw, 439px\" \/><\/a>Durante o seu discurso, a gerente da ag\u00eancia local Gislaine Cassia Cavazin, manifestou sua satisfa\u00e7\u00e3o em poder estar recebendo os associados neste momento onde a Cooperativa esteve entregando esse novo espa\u00e7o para a comunidade de Novo Tiradentes. \u201cN\u00f3s vamos ter um espa\u00e7o amplo e moderno para nossos associados, onde vamos poder atend\u00ea-los melhor, fazendo mais neg\u00f3cios e trazendo mais seguran\u00e7a para eles e para os nossos colaboradores. Nos pr\u00f3ximos anos, pretendemos ampliar o nosso n\u00famero de associados, que eles sejam mais ativos e que esta seja sua principal institui\u00e7\u00e3o financeira\u201d, comentou Cavazin.<\/p>\n<p style=\"text-align: justify;\">Segundo o presidente da Cooperativa, Eugenio Poltronieri, por meio de um relacionamento pr\u00f3ximo e consultivo, o Sicredi identifica as necessidades de produtos e servi\u00e7os financeiros dos associados. \u201cGra\u00e7as \u00e0s pessoas n\u00f3s temos esse espa\u00e7o. E \u00e9 a elas que n\u00f3s precisamos render respeito e agradecer por estarem acreditando na transforma\u00e7\u00e3o social, na organiza\u00e7\u00e3o econ\u00f4mica e na for\u00e7a do cooperativismo. Com projetos, planejamentos, aspira\u00e7\u00f5es e trabalho que procuramos levar o ideal do cooperativismo, engajando as pessoas cada vez mais, transformando processos em alternativas, buscando neg\u00f3cios que realmente agrade o empreendimento e o associado. Gostar\u00edamos que a partir desta nova ag\u00eancia possamos ser ainda mais fortes, e estar desenvolvendo novas parcerias, agregando novas economias, trazendo novos produtos e servi\u00e7os, e porque n\u00e3o se tornar a \u00fanica institui\u00e7\u00e3o financeira do nosso associado\u201d, ressaltou Poltronieri.<\/p>\n<p style=\"text-align: justify;\">Ao findar a solenidade, o p\u00e1roco local Antonio Lorini, realizou a ben\u00e7\u00e3o da nova estrutura e dos colaboradores que desempenhar\u00e3o suas atividades. Posteriormente, todos os presentes foram convidados a conhecer a nova estrutura e desfrutar de um coquetel. O novo endere\u00e7o do Sicredi em Novo Tiradentes \u00e9 Av. Jos\u00e9 Bortolini, n\u00ba 700 (em frente a antiga ag\u00eancia).&nbsp;<\/p>\n<p style=\"text-align: justify;\"><em>Assessoria Sicredi Alto Uruguai RS\/SC<\/em><\/p>","protected":false},"excerpt":{"rendered":"<p>Com estrutura ampla e moderna, a Sicredi Alto Uruguai RS\/SC reinaugurou nesta segunda-feira, 30 de janeiro, sua nova ag\u00eancia em Novo Tiradentes-RS. Esta \u00e9 a segunda ag\u00eancia da Cooperativa a&#8230;<\/p>","protected":false},"author":2,"featured_media":24659,"comment_status":"open","ping_status":"closed","sticky":false,"template":"","format":"standard","meta":{"ngg_post_thumbnail":0,"footnotes":""},"categories":[39,33,43],"tags":[133,1274,86,218,1165],"class_list":["post-24657","post","type-post","status-publish","format-standard","has-post-thumbnail","hentry","category-economia","category-noticias","category-regiao","tag-inauguracao","tag-novo-tiradentes","tag-regiao-2","tag-sicredi","tag-variedades"],"amp_enabled":true,"_links":{"self":[{"href":"https:\/\/www2.comunitaria.com.br\/en\/wp-json\/wp\/v2\/posts\/24657","targetHints":{"allow":["GET"]}}],"collection":[{"href":"https:\/\/www2.comunitaria.com.br\/en\/wp-json\/wp\/v2\/posts"}],"about":[{"href":"https:\/\/www2.comunitaria.com.br\/en\/wp-json\/wp\/v2\/types\/post"}],"author":[{"embeddable":true,"href":"https:\/\/www2.comunitaria.com.br\/en\/wp-json\/wp\/v2\/users\/2"}],"replies":[{"embeddable":true,"href":"https:\/\/www2.comunitaria.com.br\/en\/wp-json\/wp\/v2\/comments?post=24657"}],"version-history":[{"count":0,"href":"https:\/\/www2.comunitaria.com.br\/en\/wp-json\/wp\/v2\/posts\/24657\/revisions"}],"wp:featuredmedia":[{"embeddable":true,"href":"https:\/\/www2.comunitaria.com.br\/en\/wp-json\/wp\/v2\/media\/24659"}],"wp:attachment":[{"href":"https:\/\/www2.comunitaria.com.br\/en\/wp-json\/wp\/v2\/media?parent=24657"}],"wp:term":[{"taxonomy":"category","embeddable":true,"href":"https:\/\/www2.comunitaria.com.br\/en\/wp-json\/wp\/v2\/categories?post=24657"},{"taxonomy":"post_tag","embeddable":true,"href":"https:\/\/www2.comunitaria.com.br\/en\/wp-json\/wp\/v2\/tags?post=24657"}],"curies":[{"name":"wp","href":"https:\/\/api.w.org\/{rel}","templated":true}]}}