{"id":24596,"date":"2017-02-01T12:11:55","date_gmt":"2017-02-01T14:11:55","guid":{"rendered":"http:\/\/www2.comunitaria.com.br\/?p=24596"},"modified":"2017-02-01T12:12:40","modified_gmt":"2017-02-01T14:12:40","slug":"detran-rs-cobra-novas-taxas-para-cnh-e-servicos-a-partir-desta-quarta-feira","status":"publish","type":"post","link":"https:\/\/www2.comunitaria.com.br\/en\/detran-rs-cobra-novas-taxas-para-cnh-e-servicos-a-partir-desta-quarta-feira\/","title":{"rendered":"Detran-RS cobra novas taxas para CNH e servi\u00e7os a partir desta quarta-feira"},"content":{"rendered":"<p style=\"text-align: justify;\">A partir desta quarta-feira, 1\u00b0 de fevereiro, passa a valer os novos valores de servi\u00e7os prestados pelo Departamento Estadual de Tr\u00e2nsito (Detran) do Rio Grande do Sul. As portarias foram publicadas nesta ter\u00e7a-feira, 31, no <a href=\"http:\/\/www.detran.rs.gov.br\/portarias\" target=\"_blank\">Di\u00e1rio Oficial<\/a> e apresentam os pre\u00e7os atualizados a partir de reajuste na Unidade Padr\u00e3o Fiscal do Estado. &nbsp;<\/p>\n<p style=\"text-align: justify;\">O valor da hora das aulas te\u00f3ricas, por exemplo, que \u00e9 o mesmo para todas as categorias, subiu R$ 0,48. Passam de R$ 7,36 para R$ 7,84.&nbsp;<\/p>\n<p style=\"text-align: justify;\">J\u00e1 o uso do simulador de dire\u00e7\u00e3o para categoria B, que \u00e9 obrigat\u00f3rio, custa R$ 59,10. Antes era R$ 55,46.<\/p>\n<p style=\"text-align: justify;\">As aulas pr\u00e1ticas na categoria A passaram de R$ 49,37 para R$ 55,53; da categoria B subiram de R$ 52,29 para R$ 55,73; enquanto as pr\u00e1ticas das categorias C, D e E elevaram-se de R$ 60,58 para R$ 64,56.<\/p>\n<p style=\"text-align: justify;\">A renova\u00e7\u00e3o da Carteira Nacional de Habilita\u00e7\u00e3o (CNH) tamb\u00e9m aumentou e agora passa a custar R$ 73,06. Antes os Centros de Forma\u00e7\u00e3o de Condutores (CFCs) cobravam R$ 68,55. A avalia\u00e7\u00e3o psicol\u00f3gica passou de R$ 26,16 para R$ 27,88.&nbsp;<\/p>\n<p style=\"text-align: justify;\">Em Frederico Westphalen, aqueles que pretendem tirar a primeira habilita\u00e7\u00e3o apenas na categoria A, ter\u00e1 que desembolsar um total de R$ 1.845,92. J\u00e1 para categoria B, o pre\u00e7o passou de R$ 2.002 para R$ 2.145,62. Para tirar a habilita\u00e7\u00e3o para as duas categorias A e B, o pre\u00e7o passa a ser R$ 3.368,64. &nbsp;<\/p>\n<p style=\"text-align: justify;\"><em>Foto: Divulga\u00e7\u00e3o<\/em><\/p>","protected":false},"excerpt":{"rendered":"<p>A partir desta quarta-feira, 1\u00b0 de fevereiro, passa a valer os novos valores de servi\u00e7os prestados pelo Departamento Estadual de Tr\u00e2nsito (Detran) do Rio Grande do Sul. As portarias foram publicadas nesta ter\u00e7a-feira, 31, no Di\u00e1rio Oficial e apresentam os pre\u00e7os atualizados a partir de reajuste na Unidade Padr\u00e3o Fiscal do Estado. &nbsp; O valor<\/p>\n<div class=\"read-more-wrapper\"><a class=\"read-more\" href=\"https:\/\/www2.comunitaria.com.br\/en\/detran-rs-cobra-novas-taxas-para-cnh-e-servicos-a-partir-desta-quarta-feira\/\" title=\"Read More\"> <span class=\"button\">Read More<\/span><\/a><\/div>","protected":false},"author":2,"featured_media":24649,"comment_status":"open","ping_status":"closed","sticky":false,"template":"","format":"standard","meta":{"ngg_post_thumbnail":0,"footnotes":""},"categories":[39,46,33],"tags":[3395,306,308,384,519,2031],"class_list":["post-24596","post","type-post","status-publish","format-standard","has-post-thumbnail","hentry","category-economia","category-estado","category-noticias","tag-carteira-de-motorista","tag-cnh","tag-detran","tag-economia-2","tag-estado-2","tag-habilitacao"],"amp_enabled":true,"_links":{"self":[{"href":"https:\/\/www2.comunitaria.com.br\/en\/wp-json\/wp\/v2\/posts\/24596","targetHints":{"allow":["GET"]}}],"collection":[{"href":"https:\/\/www2.comunitaria.com.br\/en\/wp-json\/wp\/v2\/posts"}],"about":[{"href":"https:\/\/www2.comunitaria.com.br\/en\/wp-json\/wp\/v2\/types\/post"}],"author":[{"embeddable":true,"href":"https:\/\/www2.comunitaria.com.br\/en\/wp-json\/wp\/v2\/users\/2"}],"replies":[{"embeddable":true,"href":"https:\/\/www2.comunitaria.com.br\/en\/wp-json\/wp\/v2\/comments?post=24596"}],"version-history":[{"count":0,"href":"https:\/\/www2.comunitaria.com.br\/en\/wp-json\/wp\/v2\/posts\/24596\/revisions"}],"wp:featuredmedia":[{"embeddable":true,"href":"https:\/\/www2.comunitaria.com.br\/en\/wp-json\/wp\/v2\/media\/24649"}],"wp:attachment":[{"href":"https:\/\/www2.comunitaria.com.br\/en\/wp-json\/wp\/v2\/media?parent=24596"}],"wp:term":[{"taxonomy":"category","embeddable":true,"href":"https:\/\/www2.comunitaria.com.br\/en\/wp-json\/wp\/v2\/categories?post=24596"},{"taxonomy":"post_tag","embeddable":true,"href":"https:\/\/www2.comunitaria.com.br\/en\/wp-json\/wp\/v2\/tags?post=24596"}],"curies":[{"name":"wp","href":"https:\/\/api.w.org\/{rel}","templated":true}]}}