{"id":24580,"date":"2017-01-31T21:51:19","date_gmt":"2017-01-31T23:51:19","guid":{"rendered":"http:\/\/www2.comunitaria.com.br\/?p=24580"},"modified":"2017-02-01T12:09:32","modified_gmt":"2017-02-01T14:09:32","slug":"edegar-pretto-assume-como-presidente-da-assembleia-legislativa-do-rs","status":"publish","type":"post","link":"https:\/\/www2.comunitaria.com.br\/en\/edegar-pretto-assume-como-presidente-da-assembleia-legislativa-do-rs\/","title":{"rendered":"Edegar Pretto assume como presidente da Assembleia Legislativa do RS"},"content":{"rendered":"<p class=\"TEXT-ALIGN: justify; MARGIN: 0cm 0cm 0pt; TEXT-INDENT: 35.4pt\" style=\"text-align: justify;\">Em Sess\u00e3o Solene realizada nesta ter\u00e7a-feira, 31, o deputado Edegar Pretto (PT) foi eleito o presidente da Assembleia Legislativa para o terceiro ano da 54\u00aa Legislatura. O Regimento Interno da Casa estabelece que a Mesa Diretora seja eleita para um per\u00edodo de dois anos, mas um acordo pluripartid\u00e1rio vem garantindo, ao longo da Legislatura, o revezamento da presid\u00eancia entre as quatro maiores bancadas, com um ano para cada presidente.<\/p>\n<p class=\"TEXT-ALIGN: justify; MARGIN: 0cm 0cm 0pt; TEXT-INDENT: 35.4pt\" style=\"text-align: justify;\">Durante seu discurso, Edegar falou que esta ciente de que assume a presid\u00eancia da Assembleia diante de uma crise econ\u00f4mica, pol\u00edtica e social:&nbsp;<\/p>\n<!--[if lt IE 9]><script>document.createElement('audio');<\/script><![endif]-->\n<audio class=\"wp-audio-shortcode\" id=\"audio-24580-1\" preload=\"none\" style=\"width: 100%;\" controls=\"controls\"><source type=\"audio\/mpeg\" src=\"http:\/\/www2.comunitaria.com.br\/wp-content\/uploads\/2017\/01\/Edegar-Pretto-1.mp3?_=1\" \/><a href=\"http:\/\/www2.comunitaria.com.br\/wp-content\/uploads\/2017\/01\/Edegar-Pretto-1.mp3\">http:\/\/www2.comunitaria.com.br\/wp-content\/uploads\/2017\/01\/Edegar-Pretto-1.mp3<\/a><\/audio>\n<p class=\"TEXT-ALIGN: justify; MARGIN: 0cm 0cm 0pt; TEXT-INDENT: 35.4pt\" style=\"text-align: justify;\">A solenidade, realizada no Plen\u00e1rio&nbsp;20 de Setembro, contou com a presen\u00e7a, entre outras autoridades, prefeitos e vereadores do interior, convidados, representantes de entidades sindicais, lideran\u00e7as e familiares do novo presidente.&nbsp;<\/p>\n<p class=\"TEXT-ALIGN: justify; MARGIN: 0cm 0cm 0pt; TEXT-INDENT: 35.4pt\" style=\"text-align: justify;\">O coordenador da Regional Palmeira das Miss\u00f5es&nbsp;do Partido dos Trabalhadores, Mairo Piovesan, destaca que a presid\u00eancia de Edegar Pretto significa uma conquista para todos os trabalhadores:&nbsp;<\/p>\n<audio class=\"wp-audio-shortcode\" id=\"audio-24580-2\" preload=\"none\" style=\"width: 100%;\" controls=\"controls\"><source type=\"audio\/mpeg\" src=\"http:\/\/www2.comunitaria.com.br\/wp-content\/uploads\/2017\/01\/Mairo-Piovesan.mp3?_=2\" \/><a href=\"http:\/\/www2.comunitaria.com.br\/wp-content\/uploads\/2017\/01\/Mairo-Piovesan.mp3\">http:\/\/www2.comunitaria.com.br\/wp-content\/uploads\/2017\/01\/Mairo-Piovesan.mp3<\/a><\/audio>\n<p style=\"text-align: justify;\">Paulo Faccioni, integrante do Movimento dos Pequenos Agricultores, frisa que a Assembleia Legislativa ser\u00e1 transformada em uma casa do povo, com f\u00e1cil acesso:&nbsp;<\/p>\n<audio class=\"wp-audio-shortcode\" id=\"audio-24580-3\" preload=\"none\" style=\"width: 100%;\" controls=\"controls\"><source type=\"audio\/mpeg\" src=\"http:\/\/www2.comunitaria.com.br\/wp-content\/uploads\/2017\/01\/Paulo-Faccione.mp3?_=3\" \/><a href=\"http:\/\/www2.comunitaria.com.br\/wp-content\/uploads\/2017\/01\/Paulo-Faccione.mp3\">http:\/\/www2.comunitaria.com.br\/wp-content\/uploads\/2017\/01\/Paulo-Faccione.mp3<\/a><\/audio>\n<p style=\"text-align: justify;\">O professor, servidor p\u00fablico, Cirilo Fronza, tamb\u00e9m falou sobre a posse do deputado Edegar:&nbsp;<\/p>\n<audio class=\"wp-audio-shortcode\" id=\"audio-24580-4\" preload=\"none\" style=\"width: 100%;\" controls=\"controls\"><source type=\"audio\/mpeg\" src=\"http:\/\/www2.comunitaria.com.br\/wp-content\/uploads\/2017\/01\/professor.mp3?_=4\" \/><a href=\"http:\/\/www2.comunitaria.com.br\/wp-content\/uploads\/2017\/01\/professor.mp3\">http:\/\/www2.comunitaria.com.br\/wp-content\/uploads\/2017\/01\/professor.mp3<\/a><\/audio>\n<p style=\"text-align: justify;\">A professora Candida Rosseto, representante da CNTE (Confedera\u00e7\u00e3o Nacional dos Trabalhadores em Educa\u00e7\u00e3o), frisou que a posse foi um marco hist\u00f3rico para&nbsp;as lutas sociais:&nbsp;<\/p>\n<audio class=\"wp-audio-shortcode\" id=\"audio-24580-5\" preload=\"none\" style=\"width: 100%;\" controls=\"controls\"><source type=\"audio\/mpeg\" src=\"http:\/\/www2.comunitaria.com.br\/wp-content\/uploads\/2017\/01\/Candida.mp3?_=5\" \/><a href=\"http:\/\/www2.comunitaria.com.br\/wp-content\/uploads\/2017\/01\/Candida.mp3\">http:\/\/www2.comunitaria.com.br\/wp-content\/uploads\/2017\/01\/Candida.mp3<\/a><\/audio>\n<p><strong>Mesa Diretora 2017\/2018<\/strong><\/p>\n<p class=\"TEXT-ALIGN: justify; MARGIN: 0cm 0cm 0pt; TEXT-INDENT: 35.4pt\" style=\"text-align: justify;\">No in\u00edcio da sess\u00e3o, foi eleita, com 47 votos favor\u00e1veis e um contr\u00e1rio, a nova Mesa Diretora da Casa, apresentada em chapa \u00fanica e representada, al\u00e9m de Edegar Pretto, pelos deputados Liziane Bayer (PSB), como 1\u00aa vice-presidente; e Frederico Antunes, como 2\u00ba vice-presidente. Ainda, Juliana Brizola (PDT &#8211; 1\u00aa Secret\u00e1ria),&nbsp; Juvir Costella (PMDB \u2013 2\u00ba Secret\u00e1rio), Maur\u00edcio Dziedricki (PTB \u2013 3\u00ba Secret\u00e1rio) e Ad\u00edlson Troca (PSDB \u2013 4\u00ba Secret\u00e1rio). Na supl\u00eancia, Valdeci Oliveira (PT &#8211; 1\u00ba Secret\u00e1rio), Juliano Roso (PCdoB \u2013 2\u00ba Secret\u00e1rio), Bombeiro Bianchini (PPL &#8211; 3\u00ba Secret\u00e1rio) e Mission\u00e1rio Volnei (PR &#8211; 4\u00ba Secret\u00e1rio).<\/p>\n<p class=\"MARGIN: 0cm 0cm 0pt\" style=\"text-align: justify;\">O Regimento Interno da Casa estabelece que a Mesa Diretora seja eleita para um per\u00edodo de dois anos, mas um acordo pluripartid\u00e1rio vem garantindo, ao longo da Legislatura, o revezamento da presid\u00eancia entre as quatro maiores bancadas, com um ano para cada presidente.<\/p>\n<p class=\"MARGIN: 0cm 0cm 0pt\" style=\"text-align: justify;\"><strong><span id=\"dnn_ctr8047_ViewalrsAgExibeNoticiaDestaque_lblTitulo\" class=\"spntitulo\">Discurso na pra\u00e7a para militantes de movimentos sociais<\/span> <\/strong><\/p>\n<div id=\"attachment_24581\" style=\"width: 337px\" class=\"wp-caption alignright\"><a href=\"http:\/\/www2.comunitaria.com.br\/en\/edegar-pretto-assume-como-presidente-da-assembleia-legislativa-do-rs\/209116_g\/\" rel=\"attachment wp-att-24581\"><img loading=\"lazy\" decoding=\"async\" aria-describedby=\"caption-attachment-24581\" class=\"wp-image-24581\" src=\"http:\/\/www2.comunitaria.com.br\/wp-content\/uploads\/2017\/01\/209116_G.jpg\" width=\"327\" height=\"218\" srcset=\"https:\/\/www2.comunitaria.com.br\/wp-content\/uploads\/2017\/01\/209116_G.jpg 1680w, https:\/\/www2.comunitaria.com.br\/wp-content\/uploads\/2017\/01\/209116_G-300x201.jpg 300w, https:\/\/www2.comunitaria.com.br\/wp-content\/uploads\/2017\/01\/209116_G-768x513.jpg 768w, https:\/\/www2.comunitaria.com.br\/wp-content\/uploads\/2017\/01\/209116_G-1024x684.jpg 1024w\" sizes=\"auto, (max-width: 327px) 100vw, 327px\" \/><\/a><p id=\"caption-attachment-24581\" class=\"wp-caption-text\">Foto: Assessoria Assembleia Legislativa<\/p><\/div>\n<p class=\"MARGIN-BOTTOM: 0cm; LINE-HEIGHT: 150%\" style=\"text-align: justify;\" align=\"justify\">A chuvarada que caiu no final da tarde de hoje (31) em Porto Alegre n\u00e3o impediu que o rec\u00e9m-eleito presidente da Assembleia Legislativa, Edegar Pretto (PT), discursasse para as quase duas mil pessoas que se concentraram em frente de um palco improvisado no obelisco da Pra\u00e7a da Matriz. Sob forte chuva, o petista reafirmou seu compromisso com os direitos dos trabalhadores e prometeu honrar a tradi\u00e7\u00e3o de lutas de que \u00e9 herdeiro. \u201cSou herdeiro dos que lutaram antes de mim, dos que constru\u00edram o maior movimento social da Am\u00e9rica Latina e vou honrar essa luta em defesa do povo trabalhador\u201d, afirmou para o p\u00fablico que teimava em permanecer na pra\u00e7a apesar do mau tempo.<\/p>\n<p class=\"MARGIN-BOTTOM: 0cm; LINE-HEIGHT: 150%\" style=\"text-align: justify;\" align=\"justify\">Grupos de pessoas procuraram abrigo sob \u00e1rvores, na entrada do pr\u00e9dio da Assembleia ou transformaram bandeiras em capas de chuva. Tudo para acompanhar o ato popular de posse do novo presidente do Parlamento ga\u00facho. Foi a primeira vez que um presidente do Legislativo participou de uma cerim\u00f4nia na rua ap\u00f3s a elei\u00e7\u00e3o e posse formal. Ao contr\u00e1rio do que aconteceu no Plen\u00e1rio, Edegar Pretto tirou o palet\u00f3, a gravata e os sapatos e cal\u00e7ou um par de sand\u00e1lias entregue pelo ex-governador Ol\u00edvio Dutra com a recomenda\u00e7\u00e3o de que o cal\u00e7ado chegue ao final de 2017 \u201cempoeirado pela longa jornada em busca de dias melhores\u201d.&nbsp;<\/p>\n<p class=\"MARGIN-BOTTOM: 0cm; LINE-HEIGHT: 150%\" style=\"text-align: justify;\" align=\"justify\">Antes de discursar, Pretto cantou o cl\u00e1ssico <em>O Colono<\/em>, de Teixeirinha, acompanhado pelo grupo musical Cantadores do Povo. O m\u00fasico Ant\u00f4nio Gringo tamb\u00e9m apresentou diversas can\u00e7\u00f5es ao longo da cerim\u00f4nia.<\/p>\n\n\t\t<style type=\"text\/css\">\n\t\t\t#gallery-1 {\n\t\t\t\tmargin: auto;\n\t\t\t}\n\t\t\t#gallery-1 .gallery-item {\n\t\t\t\tfloat: left;\n\t\t\t\tmargin-top: 10px;\n\t\t\t\ttext-align: center;\n\t\t\t\twidth: 33%;\n\t\t\t}\n\t\t\t#gallery-1 img {\n\t\t\t\tborder: 2px solid #cfcfcf;\n\t\t\t}\n\t\t\t#gallery-1 .gallery-caption {\n\t\t\t\tmargin-left: 0;\n\t\t\t}\n\t\t\t\/* see gallery_shortcode() in wp-includes\/media.php *\/\n\t\t<\/style>\n\t\t<div id='gallery-1' class='gallery galleryid-24580 gallery-columns-3 gallery-size-thumbnail'><dl class='gallery-item'>\n\t\t\t<dt class='gallery-icon portrait'>\n\t\t\t\t<a href='https:\/\/www2.comunitaria.com.br\/en\/edegar-pretto-assume-como-presidente-da-assembleia-legislativa-do-rs\/0d8f9ad6-6635-4bfa-a439-62098313edf1\/'><img loading=\"lazy\" decoding=\"async\" width=\"150\" height=\"150\" src=\"https:\/\/www2.comunitaria.com.br\/wp-content\/uploads\/2017\/01\/0d8f9ad6-6635-4bfa-a439-62098313edf1-150x150.jpg\" class=\"attachment-thumbnail size-thumbnail\" alt=\"\" srcset=\"https:\/\/www2.comunitaria.com.br\/wp-content\/uploads\/2017\/01\/0d8f9ad6-6635-4bfa-a439-62098313edf1-150x150.jpg 150w, https:\/\/www2.comunitaria.com.br\/wp-content\/uploads\/2017\/01\/0d8f9ad6-6635-4bfa-a439-62098313edf1-65x65.jpg 65w\" sizes=\"auto, (max-width: 150px) 100vw, 150px\" \/><\/a>\n\t\t\t<\/dt><\/dl><dl class='gallery-item'>\n\t\t\t<dt class='gallery-icon landscape'>\n\t\t\t\t<a href='https:\/\/www2.comunitaria.com.br\/en\/edegar-pretto-assume-como-presidente-da-assembleia-legislativa-do-rs\/5da5e6c4-3871-4bdf-9a9e-309fd46b6fe1\/'><img loading=\"lazy\" decoding=\"async\" width=\"150\" height=\"150\" src=\"https:\/\/www2.comunitaria.com.br\/wp-content\/uploads\/2017\/01\/5da5e6c4-3871-4bdf-9a9e-309fd46b6fe1-150x150.jpg\" class=\"attachment-thumbnail size-thumbnail\" alt=\"\" srcset=\"https:\/\/www2.comunitaria.com.br\/wp-content\/uploads\/2017\/01\/5da5e6c4-3871-4bdf-9a9e-309fd46b6fe1-150x150.jpg 150w, https:\/\/www2.comunitaria.com.br\/wp-content\/uploads\/2017\/01\/5da5e6c4-3871-4bdf-9a9e-309fd46b6fe1-65x65.jpg 65w\" sizes=\"auto, (max-width: 150px) 100vw, 150px\" \/><\/a>\n\t\t\t<\/dt><\/dl><dl class='gallery-item'>\n\t\t\t<dt class='gallery-icon landscape'>\n\t\t\t\t<a href='https:\/\/www2.comunitaria.com.br\/en\/edegar-pretto-assume-como-presidente-da-assembleia-legislativa-do-rs\/67974ed3-8745-4b23-a01e-3b6e1a38c5cc\/'><img loading=\"lazy\" decoding=\"async\" width=\"150\" height=\"150\" src=\"https:\/\/www2.comunitaria.com.br\/wp-content\/uploads\/2017\/01\/67974ed3-8745-4b23-a01e-3b6e1a38c5cc-150x150.jpg\" class=\"attachment-thumbnail size-thumbnail\" alt=\"\" srcset=\"https:\/\/www2.comunitaria.com.br\/wp-content\/uploads\/2017\/01\/67974ed3-8745-4b23-a01e-3b6e1a38c5cc-150x150.jpg 150w, https:\/\/www2.comunitaria.com.br\/wp-content\/uploads\/2017\/01\/67974ed3-8745-4b23-a01e-3b6e1a38c5cc-65x65.jpg 65w\" sizes=\"auto, (max-width: 150px) 100vw, 150px\" \/><\/a>\n\t\t\t<\/dt><\/dl><br style=\"clear: both\" \/><dl class='gallery-item'>\n\t\t\t<dt class='gallery-icon landscape'>\n\t\t\t\t<a href='https:\/\/www2.comunitaria.com.br\/en\/edegar-pretto-assume-como-presidente-da-assembleia-legislativa-do-rs\/648671c8-fac8-4553-998f-a37aa80a9a5d\/'><img loading=\"lazy\" decoding=\"async\" width=\"150\" height=\"150\" src=\"https:\/\/www2.comunitaria.com.br\/wp-content\/uploads\/2017\/01\/648671c8-fac8-4553-998f-a37aa80a9a5d-150x150.jpg\" class=\"attachment-thumbnail size-thumbnail\" alt=\"\" srcset=\"https:\/\/www2.comunitaria.com.br\/wp-content\/uploads\/2017\/01\/648671c8-fac8-4553-998f-a37aa80a9a5d-150x150.jpg 150w, https:\/\/www2.comunitaria.com.br\/wp-content\/uploads\/2017\/01\/648671c8-fac8-4553-998f-a37aa80a9a5d-65x65.jpg 65w\" sizes=\"auto, (max-width: 150px) 100vw, 150px\" \/><\/a>\n\t\t\t<\/dt><\/dl><dl class='gallery-item'>\n\t\t\t<dt class='gallery-icon landscape'>\n\t\t\t\t<a href='https:\/\/www2.comunitaria.com.br\/en\/edegar-pretto-assume-como-presidente-da-assembleia-legislativa-do-rs\/01660893-288f-44d8-9d03-60b536bd73ff\/'><img loading=\"lazy\" decoding=\"async\" width=\"150\" height=\"150\" src=\"https:\/\/www2.comunitaria.com.br\/wp-content\/uploads\/2017\/01\/01660893-288f-44d8-9d03-60b536bd73ff-150x150.jpg\" class=\"attachment-thumbnail size-thumbnail\" alt=\"\" srcset=\"https:\/\/www2.comunitaria.com.br\/wp-content\/uploads\/2017\/01\/01660893-288f-44d8-9d03-60b536bd73ff-150x150.jpg 150w, https:\/\/www2.comunitaria.com.br\/wp-content\/uploads\/2017\/01\/01660893-288f-44d8-9d03-60b536bd73ff-65x65.jpg 65w\" sizes=\"auto, (max-width: 150px) 100vw, 150px\" \/><\/a>\n\t\t\t<\/dt><\/dl><dl class='gallery-item'>\n\t\t\t<dt class='gallery-icon landscape'>\n\t\t\t\t<a href='https:\/\/www2.comunitaria.com.br\/en\/edegar-pretto-assume-como-presidente-da-assembleia-legislativa-do-rs\/a677d47d-bba3-4a44-a4ad-1485cf2b78c7\/'><img loading=\"lazy\" decoding=\"async\" width=\"150\" height=\"150\" src=\"https:\/\/www2.comunitaria.com.br\/wp-content\/uploads\/2017\/01\/a677d47d-bba3-4a44-a4ad-1485cf2b78c7-150x150.jpg\" class=\"attachment-thumbnail size-thumbnail\" alt=\"\" srcset=\"https:\/\/www2.comunitaria.com.br\/wp-content\/uploads\/2017\/01\/a677d47d-bba3-4a44-a4ad-1485cf2b78c7-150x150.jpg 150w, https:\/\/www2.comunitaria.com.br\/wp-content\/uploads\/2017\/01\/a677d47d-bba3-4a44-a4ad-1485cf2b78c7-65x65.jpg 65w\" sizes=\"auto, (max-width: 150px) 100vw, 150px\" \/><\/a>\n\t\t\t<\/dt><\/dl><br style=\"clear: both\" \/><dl class='gallery-item'>\n\t\t\t<dt class='gallery-icon landscape'>\n\t\t\t\t<a href='https:\/\/www2.comunitaria.com.br\/en\/edegar-pretto-assume-como-presidente-da-assembleia-legislativa-do-rs\/b984b01f-5754-4709-8811-b9279cd523be\/'><img loading=\"lazy\" decoding=\"async\" width=\"150\" height=\"150\" src=\"https:\/\/www2.comunitaria.com.br\/wp-content\/uploads\/2017\/01\/b984b01f-5754-4709-8811-b9279cd523be-150x150.jpg\" class=\"attachment-thumbnail size-thumbnail\" alt=\"\" srcset=\"https:\/\/www2.comunitaria.com.br\/wp-content\/uploads\/2017\/01\/b984b01f-5754-4709-8811-b9279cd523be-150x150.jpg 150w, https:\/\/www2.comunitaria.com.br\/wp-content\/uploads\/2017\/01\/b984b01f-5754-4709-8811-b9279cd523be-65x65.jpg 65w\" sizes=\"auto, (max-width: 150px) 100vw, 150px\" \/><\/a>\n\t\t\t<\/dt><\/dl>\n\t\t\t<br style='clear: both' \/>\n\t\t<\/div>","protected":false},"excerpt":{"rendered":"<p>Em Sess\u00e3o Solene realizada nesta ter\u00e7a-feira, 31, o deputado Edegar Pretto (PT) foi eleito o presidente da Assembleia Legislativa para o terceiro ano da 54\u00aa Legislatura. O Regimento Interno da Casa estabelece que a Mesa Diretora seja eleita para um per\u00edodo de dois anos, mas um acordo pluripartid\u00e1rio vem garantindo, ao longo da Legislatura, o<\/p>\n<div class=\"read-more-wrapper\"><a class=\"read-more\" href=\"https:\/\/www2.comunitaria.com.br\/en\/edegar-pretto-assume-como-presidente-da-assembleia-legislativa-do-rs\/\" title=\"Read More\"> <span class=\"button\">Read More<\/span><\/a><\/div>","protected":false},"author":2,"featured_media":24582,"comment_status":"open","ping_status":"closed","sticky":false,"template":"","format":"standard","meta":{"ngg_post_thumbnail":0,"footnotes":""},"categories":[46,28,33,38],"tags":[676,1137,519,1079,520],"class_list":["post-24580","post","type-post","status-publish","format-standard","has-post-thumbnail","hentry","category-estado","category-destaque","category-noticias","category-politica","tag-assembleia-legislativa","tag-edegar-pretto","tag-estado-2","tag-politica","tag-posse"],"amp_enabled":true,"_links":{"self":[{"href":"https:\/\/www2.comunitaria.com.br\/en\/wp-json\/wp\/v2\/posts\/24580","targetHints":{"allow":["GET"]}}],"collection":[{"href":"https:\/\/www2.comunitaria.com.br\/en\/wp-json\/wp\/v2\/posts"}],"about":[{"href":"https:\/\/www2.comunitaria.com.br\/en\/wp-json\/wp\/v2\/types\/post"}],"author":[{"embeddable":true,"href":"https:\/\/www2.comunitaria.com.br\/en\/wp-json\/wp\/v2\/users\/2"}],"replies":[{"embeddable":true,"href":"https:\/\/www2.comunitaria.com.br\/en\/wp-json\/wp\/v2\/comments?post=24580"}],"version-history":[{"count":0,"href":"https:\/\/www2.comunitaria.com.br\/en\/wp-json\/wp\/v2\/posts\/24580\/revisions"}],"wp:featuredmedia":[{"embeddable":true,"href":"https:\/\/www2.comunitaria.com.br\/en\/wp-json\/wp\/v2\/media\/24582"}],"wp:attachment":[{"href":"https:\/\/www2.comunitaria.com.br\/en\/wp-json\/wp\/v2\/media?parent=24580"}],"wp:term":[{"taxonomy":"category","embeddable":true,"href":"https:\/\/www2.comunitaria.com.br\/en\/wp-json\/wp\/v2\/categories?post=24580"},{"taxonomy":"post_tag","embeddable":true,"href":"https:\/\/www2.comunitaria.com.br\/en\/wp-json\/wp\/v2\/tags?post=24580"}],"curies":[{"name":"wp","href":"https:\/\/api.w.org\/{rel}","templated":true}]}}