{"id":24191,"date":"2017-01-10T08:50:20","date_gmt":"2017-01-10T10:50:20","guid":{"rendered":"http:\/\/www2.comunitaria.com.br\/?p=24191"},"modified":"2017-01-10T09:21:46","modified_gmt":"2017-01-10T11:21:46","slug":"agencia-do-banrisul-de-fw-e-alvo-de-disparos","status":"publish","type":"post","link":"https:\/\/www2.comunitaria.com.br\/en\/agencia-do-banrisul-de-fw-e-alvo-de-disparos\/","title":{"rendered":"Ag\u00eancia do Banrisul de FW \u00e9 alvo de disparos"},"content":{"rendered":"<p style=\"text-align: justify;\">Na madrugada desta ter\u00e7a-feira, dia 10, por volta d\u00e1s 3h30min, ao menos 5 disparos de arma de fogo foram efetuados contra a Ag\u00eancia do Banrisul em Frederico Westphalen.<\/p>\n<p style=\"text-align: justify;\">Al\u00e9m dos disparos uma picha\u00e7\u00e3o foi feita na vidra\u00e7a da ag\u00eancia com a frase \u201cGoverno lixo\u201d. At\u00e9 o momento ningu\u00e9m foi detido.<\/p>\n<p style=\"text-align: justify;\">A Pol\u00edcia Civil j\u00e1 investiga o caso. Ningu\u00e9m ficou ferido na a\u00e7\u00e3o. A pericia tamb\u00e9m foi acionada para investigar. O local esta isolado.<\/p>\n<p style=\"text-align: justify;\">Segundo a Pol\u00edcia Civil, levando em conta a picha\u00e7\u00e3o e que nenhum bem foi levado da ag\u00eancia, a investiga\u00e7\u00e3o acredita tratar-se de um protesto. Imagens das c\u00e2meras de seguran\u00e7a ser\u00e3o analisadas para tentar identificar o respons\u00e1vel ou inclusive se foi mais de uma pessoa.<\/p>\n<p style=\"text-align: justify;\"><a href=\"http:\/\/www2.comunitaria.com.br\/en\/agencia-do-banrisul-de-fw-e-alvo-de-disparos\/whatsapp-image-2017-01-10-at-08-41-42\/\" rel=\"attachment wp-att-24195\"><img loading=\"lazy\" decoding=\"async\" class=\"alignleft size-full wp-image-24195\" src=\"http:\/\/www2.comunitaria.com.br\/wp-content\/uploads\/2017\/01\/WhatsApp-Image-2017-01-10-at-08.41.42.jpeg\" alt=\"\" width=\"1280\" height=\"960\" srcset=\"https:\/\/www2.comunitaria.com.br\/wp-content\/uploads\/2017\/01\/WhatsApp-Image-2017-01-10-at-08.41.42.jpeg 1280w, https:\/\/www2.comunitaria.com.br\/wp-content\/uploads\/2017\/01\/WhatsApp-Image-2017-01-10-at-08.41.42-300x225.jpeg 300w, https:\/\/www2.comunitaria.com.br\/wp-content\/uploads\/2017\/01\/WhatsApp-Image-2017-01-10-at-08.41.42-768x576.jpeg 768w, https:\/\/www2.comunitaria.com.br\/wp-content\/uploads\/2017\/01\/WhatsApp-Image-2017-01-10-at-08.41.42-1024x768.jpeg 1024w\" sizes=\"auto, (max-width: 1280px) 100vw, 1280px\" \/><\/a> <a href=\"http:\/\/www2.comunitaria.com.br\/en\/agencia-do-banrisul-de-fw-e-alvo-de-disparos\/whatsapp-image-2017-01-10-at-08-41-30\/\" rel=\"attachment wp-att-24194\"><img loading=\"lazy\" decoding=\"async\" class=\"alignleft size-full wp-image-24194\" src=\"http:\/\/www2.comunitaria.com.br\/wp-content\/uploads\/2017\/01\/WhatsApp-Image-2017-01-10-at-08.41.30.jpeg\" alt=\"\" width=\"960\" height=\"1280\" srcset=\"https:\/\/www2.comunitaria.com.br\/wp-content\/uploads\/2017\/01\/WhatsApp-Image-2017-01-10-at-08.41.30.jpeg 960w, https:\/\/www2.comunitaria.com.br\/wp-content\/uploads\/2017\/01\/WhatsApp-Image-2017-01-10-at-08.41.30-225x300.jpeg 225w, https:\/\/www2.comunitaria.com.br\/wp-content\/uploads\/2017\/01\/WhatsApp-Image-2017-01-10-at-08.41.30-768x1024.jpeg 768w\" sizes=\"auto, (max-width: 960px) 100vw, 960px\" \/><\/a> <a href=\"http:\/\/www2.comunitaria.com.br\/en\/agencia-do-banrisul-de-fw-e-alvo-de-disparos\/whatsapp-image-2017-01-09-at-08-26-22-2\/\" rel=\"attachment wp-att-24193\"><img loading=\"lazy\" decoding=\"async\" class=\"alignleft size-full wp-image-24193\" src=\"http:\/\/www2.comunitaria.com.br\/wp-content\/uploads\/2017\/01\/WhatsApp-Image-2017-01-09-at-08.26.22-1.jpeg\" alt=\"\" width=\"960\" height=\"1280\" srcset=\"https:\/\/www2.comunitaria.com.br\/wp-content\/uploads\/2017\/01\/WhatsApp-Image-2017-01-09-at-08.26.22-1.jpeg 960w, https:\/\/www2.comunitaria.com.br\/wp-content\/uploads\/2017\/01\/WhatsApp-Image-2017-01-09-at-08.26.22-1-225x300.jpeg 225w, https:\/\/www2.comunitaria.com.br\/wp-content\/uploads\/2017\/01\/WhatsApp-Image-2017-01-09-at-08.26.22-1-768x1024.jpeg 768w\" sizes=\"auto, (max-width: 960px) 100vw, 960px\" \/><\/a><\/p>","protected":false},"excerpt":{"rendered":"<p>Na madrugada desta ter\u00e7a-feira, dia 10, por volta d\u00e1s 3h30min, ao menos 5 disparos de arma de fogo foram efetuados contra a Ag\u00eancia do Banrisul em Frederico Westphalen. Al\u00e9m dos disparos uma picha\u00e7\u00e3o foi feita na vidra\u00e7a da ag\u00eancia com a frase \u201cGoverno lixo\u201d. At\u00e9 o momento ningu\u00e9m foi detido. A Pol\u00edcia Civil j\u00e1 investiga<\/p>\n<div class=\"read-more-wrapper\"><a class=\"read-more\" href=\"https:\/\/www2.comunitaria.com.br\/en\/agencia-do-banrisul-de-fw-e-alvo-de-disparos\/\" title=\"Read More\"> <span class=\"button\">Read More<\/span><\/a><\/div>","protected":false},"author":2,"featured_media":24195,"comment_status":"open","ping_status":"closed","sticky":false,"template":"","format":"standard","meta":{"ngg_post_thumbnail":0,"footnotes":""},"categories":[42,28,33,36],"tags":[1788,862],"class_list":["post-24191","post","type-post","status-publish","format-standard","has-post-thumbnail","hentry","category-fred-west","category-destaque","category-noticias","category-policia","tag-banrisul","tag-tiros"],"amp_enabled":true,"_links":{"self":[{"href":"https:\/\/www2.comunitaria.com.br\/en\/wp-json\/wp\/v2\/posts\/24191","targetHints":{"allow":["GET"]}}],"collection":[{"href":"https:\/\/www2.comunitaria.com.br\/en\/wp-json\/wp\/v2\/posts"}],"about":[{"href":"https:\/\/www2.comunitaria.com.br\/en\/wp-json\/wp\/v2\/types\/post"}],"author":[{"embeddable":true,"href":"https:\/\/www2.comunitaria.com.br\/en\/wp-json\/wp\/v2\/users\/2"}],"replies":[{"embeddable":true,"href":"https:\/\/www2.comunitaria.com.br\/en\/wp-json\/wp\/v2\/comments?post=24191"}],"version-history":[{"count":0,"href":"https:\/\/www2.comunitaria.com.br\/en\/wp-json\/wp\/v2\/posts\/24191\/revisions"}],"wp:featuredmedia":[{"embeddable":true,"href":"https:\/\/www2.comunitaria.com.br\/en\/wp-json\/wp\/v2\/media\/24195"}],"wp:attachment":[{"href":"https:\/\/www2.comunitaria.com.br\/en\/wp-json\/wp\/v2\/media?parent=24191"}],"wp:term":[{"taxonomy":"category","embeddable":true,"href":"https:\/\/www2.comunitaria.com.br\/en\/wp-json\/wp\/v2\/categories?post=24191"},{"taxonomy":"post_tag","embeddable":true,"href":"https:\/\/www2.comunitaria.com.br\/en\/wp-json\/wp\/v2\/tags?post=24191"}],"curies":[{"name":"wp","href":"https:\/\/api.w.org\/{rel}","templated":true}]}}