{"id":24151,"date":"2017-01-09T06:26:00","date_gmt":"2017-01-09T08:26:00","guid":{"rendered":"http:\/\/www2.comunitaria.com.br\/?p=24151"},"modified":"2017-01-09T06:26:00","modified_gmt":"2017-01-09T08:26:00","slug":"acidente-deixa-frederiquense-ferida-na-br-285-em-entre-ijuis","status":"publish","type":"post","link":"https:\/\/www2.comunitaria.com.br\/en\/acidente-deixa-frederiquense-ferida-na-br-285-em-entre-ijuis\/","title":{"rendered":"Acidente deixa frederiquense ferida na Br 285 em Entre-Iju\u00eds"},"content":{"rendered":"<div class=\"texto\" align=\"justify\">\n<div style=\"text-align: justify;\">Uma mulher moradora de Frederico Westphalen teve ferimentos graves depois de uma sa\u00edda de pista na BR-285, no in\u00edcio da noite deste s\u00e1bado, dia 7. O acidente aconteceu por volta das 19h15min, no munic\u00edpio de Entre-Iju\u00eds.<\/div>\n<div style=\"text-align: justify;\">\nA condutora viajava sozinha em uma caminhoneta Ford Eco Sport com placas de Frederico Whesphalen, e perdeu controle do ve\u00edculo depois de uma aquaplanagem. A caminhoneta saiu da pista e bateu com viol\u00eancia contra \u00e1rvores na lateral da rodovia.<\/div>\n<div style=\"text-align: justify;\">&nbsp;<\/div>\n<div style=\"text-align: justify;\">A mulher&nbsp;foi socorrida por uma equipe do Corpo de Bombeiros e removida para atendimento no Hospital Santo \u00c2ngelo. A PRF de Iju\u00ed foi acionada para registrar o acidente.<\/div>\n<\/div>\n<div style=\"text-align: justify;\">&nbsp;<\/div>\n<div style=\"text-align: justify;\">\n\n\t\t<style>\n\t\t\t#gallery-1 {\n\t\t\t\tmargin: auto;\n\t\t\t}\n\t\t\t#gallery-1 .gallery-item {\n\t\t\t\tfloat: left;\n\t\t\t\tmargin-top: 10px;\n\t\t\t\ttext-align: center;\n\t\t\t\twidth: 33%;\n\t\t\t}\n\t\t\t#gallery-1 img {\n\t\t\t\tborder: 2px solid #cfcfcf;\n\t\t\t}\n\t\t\t#gallery-1 .gallery-caption {\n\t\t\t\tmargin-left: 0;\n\t\t\t}\n\t\t\t\/* see gallery_shortcode() in wp-includes\/media.php *\/\n\t\t<\/style>\n\t\t<div id='gallery-1' class='gallery galleryid-24151 gallery-columns-3 gallery-size-thumbnail'><dl class='gallery-item'>\n\t\t\t<dt class='gallery-icon landscape'>\n\t\t\t\t<a href='https:\/\/www2.comunitaria.com.br\/en\/acidente-deixa-frederiquense-ferida-na-br-285-em-entre-ijuis\/01-327\/'><img loading=\"lazy\" decoding=\"async\" width=\"150\" height=\"150\" src=\"https:\/\/www2.comunitaria.com.br\/wp-content\/uploads\/2017\/01\/01-150x150.jpg\" class=\"attachment-thumbnail size-thumbnail\" alt=\"\" srcset=\"https:\/\/www2.comunitaria.com.br\/wp-content\/uploads\/2017\/01\/01-150x150.jpg 150w, https:\/\/www2.comunitaria.com.br\/wp-content\/uploads\/2017\/01\/01-65x65.jpg 65w\" sizes=\"auto, (max-width: 150px) 100vw, 150px\" \/><\/a>\n\t\t\t<\/dt><\/dl><dl class='gallery-item'>\n\t\t\t<dt class='gallery-icon landscape'>\n\t\t\t\t<a href='https:\/\/www2.comunitaria.com.br\/en\/acidente-deixa-frederiquense-ferida-na-br-285-em-entre-ijuis\/02-122\/'><img loading=\"lazy\" decoding=\"async\" width=\"150\" height=\"150\" src=\"https:\/\/www2.comunitaria.com.br\/wp-content\/uploads\/2017\/01\/02-150x150.jpg\" class=\"attachment-thumbnail size-thumbnail\" alt=\"\" srcset=\"https:\/\/www2.comunitaria.com.br\/wp-content\/uploads\/2017\/01\/02-150x150.jpg 150w, https:\/\/www2.comunitaria.com.br\/wp-content\/uploads\/2017\/01\/02-65x65.jpg 65w\" sizes=\"auto, (max-width: 150px) 100vw, 150px\" \/><\/a>\n\t\t\t<\/dt><\/dl><dl class='gallery-item'>\n\t\t\t<dt class='gallery-icon landscape'>\n\t\t\t\t<a href='https:\/\/www2.comunitaria.com.br\/en\/acidente-deixa-frederiquense-ferida-na-br-285-em-entre-ijuis\/03-64\/'><img loading=\"lazy\" decoding=\"async\" width=\"150\" height=\"150\" src=\"https:\/\/www2.comunitaria.com.br\/wp-content\/uploads\/2017\/01\/03-1-150x150.jpg\" class=\"attachment-thumbnail size-thumbnail\" alt=\"\" srcset=\"https:\/\/www2.comunitaria.com.br\/wp-content\/uploads\/2017\/01\/03-1-150x150.jpg 150w, https:\/\/www2.comunitaria.com.br\/wp-content\/uploads\/2017\/01\/03-1-65x65.jpg 65w\" sizes=\"auto, (max-width: 150px) 100vw, 150px\" \/><\/a>\n\t\t\t<\/dt><\/dl><br style=\"clear: both\" \/><dl class='gallery-item'>\n\t\t\t<dt class='gallery-icon landscape'>\n\t\t\t\t<a href='https:\/\/www2.comunitaria.com.br\/en\/acidente-deixa-frederiquense-ferida-na-br-285-em-entre-ijuis\/04-39\/'><img loading=\"lazy\" decoding=\"async\" width=\"150\" height=\"150\" src=\"https:\/\/www2.comunitaria.com.br\/wp-content\/uploads\/2017\/01\/04-1-150x150.jpg\" class=\"attachment-thumbnail size-thumbnail\" alt=\"\" srcset=\"https:\/\/www2.comunitaria.com.br\/wp-content\/uploads\/2017\/01\/04-1-150x150.jpg 150w, https:\/\/www2.comunitaria.com.br\/wp-content\/uploads\/2017\/01\/04-1-65x65.jpg 65w\" sizes=\"auto, (max-width: 150px) 100vw, 150px\" \/><\/a>\n\t\t\t<\/dt><\/dl>\n\t\t\t<br style='clear: both' \/>\n\t\t<\/div>\n\n<\/div>\n<div style=\"text-align: justify;\">&nbsp;<\/div>\n<div style=\"text-align: justify;\"><em>Fonte: Paulo Maerques Not\u00edcias&nbsp;<\/em><\/div>","protected":false},"excerpt":{"rendered":"<p>Uma mulher moradora de Frederico Westphalen teve ferimentos graves depois de uma sa\u00edda de pista na BR-285, no in\u00edcio da noite deste s\u00e1bado, dia 7. O acidente aconteceu por volta&#8230;<\/p>","protected":false},"author":2,"featured_media":24152,"comment_status":"open","ping_status":"closed","sticky":false,"template":"","format":"standard","meta":{"ngg_post_thumbnail":0,"footnotes":""},"categories":[42,28,33,36],"tags":[96,1762],"class_list":["post-24151","post","type-post","status-publish","format-standard","has-post-thumbnail","hentry","category-fred-west","category-destaque","category-noticias","category-policia","tag-acidente","tag-frederiquense"],"amp_enabled":true,"_links":{"self":[{"href":"https:\/\/www2.comunitaria.com.br\/en\/wp-json\/wp\/v2\/posts\/24151","targetHints":{"allow":["GET"]}}],"collection":[{"href":"https:\/\/www2.comunitaria.com.br\/en\/wp-json\/wp\/v2\/posts"}],"about":[{"href":"https:\/\/www2.comunitaria.com.br\/en\/wp-json\/wp\/v2\/types\/post"}],"author":[{"embeddable":true,"href":"https:\/\/www2.comunitaria.com.br\/en\/wp-json\/wp\/v2\/users\/2"}],"replies":[{"embeddable":true,"href":"https:\/\/www2.comunitaria.com.br\/en\/wp-json\/wp\/v2\/comments?post=24151"}],"version-history":[{"count":0,"href":"https:\/\/www2.comunitaria.com.br\/en\/wp-json\/wp\/v2\/posts\/24151\/revisions"}],"wp:featuredmedia":[{"embeddable":true,"href":"https:\/\/www2.comunitaria.com.br\/en\/wp-json\/wp\/v2\/media\/24152"}],"wp:attachment":[{"href":"https:\/\/www2.comunitaria.com.br\/en\/wp-json\/wp\/v2\/media?parent=24151"}],"wp:term":[{"taxonomy":"category","embeddable":true,"href":"https:\/\/www2.comunitaria.com.br\/en\/wp-json\/wp\/v2\/categories?post=24151"},{"taxonomy":"post_tag","embeddable":true,"href":"https:\/\/www2.comunitaria.com.br\/en\/wp-json\/wp\/v2\/tags?post=24151"}],"curies":[{"name":"wp","href":"https:\/\/api.w.org\/{rel}","templated":true}]}}