{"id":24041,"date":"2016-12-30T12:36:26","date_gmt":"2016-12-30T14:36:26","guid":{"rendered":"http:\/\/www2.comunitaria.com.br\/?p=24041"},"modified":"2016-12-30T12:36:26","modified_gmt":"2016-12-30T14:36:26","slug":"entrevista-betinho-faz-avaliacao-de-sua-administracao","status":"publish","type":"post","link":"https:\/\/www2.comunitaria.com.br\/en\/entrevista-betinho-faz-avaliacao-de-sua-administracao\/","title":{"rendered":"Entrevista: Betinho faz avalia\u00e7\u00e3o de sua administra\u00e7\u00e3o"},"content":{"rendered":"<p style=\"text-align: justify;\">Na manh\u00e3 desta sexta-feira, dia 30, o Prefeito Roberto Felin Junior concedeu entrevista coletiva em seu gabinete na prefeitura.&nbsp; Conversando com os meios de comunica\u00e7\u00e3o em seu \u00faltimo dia como administrador de FW, Betinho avaliou seu per\u00edodo a frente do munic\u00edpio, falou sobre os projetos que est\u00e3o em andamento&nbsp; e devem ser tocados pelo pr\u00f3ximo administrador.<\/p>\n<p style=\"text-align: justify;\">Destacou o equil\u00edbrio nas contas do munic\u00edpio, fez uma autoavalia\u00e7\u00e3o de seu mandato, falou sobre a UPA e projetos como estacionamento rotativo, transporte coletivo e esgotamento urbano, al\u00e9m do per\u00edodo de transi\u00e7\u00e3o do governo e p\u00f3s elei\u00e7\u00f5es.<\/p>\n<p style=\"text-align: justify;\">Betinho falou ainda do seu futuro fora da prefeitura e de sua carreira na pol\u00edtica.<\/p>\n<audio class=\"wp-audio-shortcode\" id=\"audio-24041-1\" preload=\"none\" style=\"width: 100%;\" controls=\"controls\"><source type=\"audio\/mpeg\" src=\"http:\/\/www2.comunitaria.com.br\/wp-content\/uploads\/2016\/12\/betinho.mp3?_=1\" \/><a href=\"http:\/\/www2.comunitaria.com.br\/wp-content\/uploads\/2016\/12\/betinho.mp3\">http:\/\/www2.comunitaria.com.br\/wp-content\/uploads\/2016\/12\/betinho.mp3<\/a><\/audio>","protected":false},"excerpt":{"rendered":"<p>Na manh\u00e3 desta sexta-feira, dia 30, o Prefeito Roberto Felin Junior concedeu entrevista coletiva em seu gabinete na prefeitura.&nbsp; Conversando com os meios de comunica\u00e7\u00e3o em seu \u00faltimo dia como&#8230;<\/p>","protected":false},"author":2,"featured_media":24043,"comment_status":"open","ping_status":"closed","sticky":false,"template":"","format":"standard","meta":{"ngg_post_thumbnail":0,"footnotes":""},"categories":[51,28,33],"tags":[199,442,82,198],"class_list":["post-24041","post","type-post","status-publish","format-standard","has-post-thumbnail","hentry","category-audio","category-destaque","category-noticias","tag-betinho","tag-entrevista","tag-frederico-westphalen","tag-prefeito"],"amp_enabled":true,"_links":{"self":[{"href":"https:\/\/www2.comunitaria.com.br\/en\/wp-json\/wp\/v2\/posts\/24041","targetHints":{"allow":["GET"]}}],"collection":[{"href":"https:\/\/www2.comunitaria.com.br\/en\/wp-json\/wp\/v2\/posts"}],"about":[{"href":"https:\/\/www2.comunitaria.com.br\/en\/wp-json\/wp\/v2\/types\/post"}],"author":[{"embeddable":true,"href":"https:\/\/www2.comunitaria.com.br\/en\/wp-json\/wp\/v2\/users\/2"}],"replies":[{"embeddable":true,"href":"https:\/\/www2.comunitaria.com.br\/en\/wp-json\/wp\/v2\/comments?post=24041"}],"version-history":[{"count":0,"href":"https:\/\/www2.comunitaria.com.br\/en\/wp-json\/wp\/v2\/posts\/24041\/revisions"}],"wp:featuredmedia":[{"embeddable":true,"href":"https:\/\/www2.comunitaria.com.br\/en\/wp-json\/wp\/v2\/media\/24043"}],"wp:attachment":[{"href":"https:\/\/www2.comunitaria.com.br\/en\/wp-json\/wp\/v2\/media?parent=24041"}],"wp:term":[{"taxonomy":"category","embeddable":true,"href":"https:\/\/www2.comunitaria.com.br\/en\/wp-json\/wp\/v2\/categories?post=24041"},{"taxonomy":"post_tag","embeddable":true,"href":"https:\/\/www2.comunitaria.com.br\/en\/wp-json\/wp\/v2\/tags?post=24041"}],"curies":[{"name":"wp","href":"https:\/\/api.w.org\/{rel}","templated":true}]}}