{"id":23978,"date":"2016-12-27T06:17:46","date_gmt":"2016-12-27T08:17:46","guid":{"rendered":"http:\/\/www2.comunitaria.com.br\/?p=23978"},"modified":"2016-12-27T09:46:41","modified_gmt":"2016-12-27T11:46:41","slug":"adolescente-morre-em-acidente-de-moto-no-interior-de-ametista-do-sul","status":"publish","type":"post","link":"https:\/\/www2.comunitaria.com.br\/en\/adolescente-morre-em-acidente-de-moto-no-interior-de-ametista-do-sul\/","title":{"rendered":"Adolescente morre em acidente de moto no interior de Ametista do Sul"},"content":{"rendered":"<p style=\"text-align: justify;\">Um adolescente de 15 anos morreu v\u00edtima de um acidente de tr\u00e2nsito na noite desta segunda-feira, 26, no interior do munic\u00edpio de Ametista do Sul. Conforme a Brigada Militar o acidente ocorreu na localidade de Linha Alta por volta das 22horas.<\/p>\n<p style=\"text-align: justify;\">A v\u00edtima conduzia uma motocicleta XLX 250, de trilha, sem placa e sem luz. A motocicleta que seguia sentido cidade-interior colidiu frontalmente em um micro-\u00f4nibus adaptado para transporte de uva, que trafegava na dire\u00e7\u00e3o contraria.<\/p>\n<p style=\"text-align: justify;\">O adolescente foi identificado como Gleison Jos\u00e9 Rojahn 15 anos, o mesmo estava sem capacete. Ele foi socorrido ao Hospital S\u00e3o Gabriel mas n\u00e3o resistiu aos ferimentos e veio a \u00f3bito. A v\u00edtima residia no distrito de S\u00e3o Valentin da Gruta e estaria indo para casa quando ocorreu o acidente.<\/p>\n<p style=\"text-align: justify;\">A Brigada Militar foi at\u00e9 o local do acidente mas os ve\u00edculos j\u00e1 haviam sido removidos. O corpo de Gleison foi encaminhado ao Instituto M\u00e9dico Legal de Frederico Westphalen para necropsia. A Pol\u00edcia Civil tamb\u00e9m trabalhou no caso e ir\u00e1 investigar o acidente.<\/p>\n<p style=\"text-align: justify;\">In Foco RS<\/p>","protected":false},"excerpt":{"rendered":"<p>Um adolescente de 15 anos morreu v\u00edtima de um acidente de tr\u00e2nsito na noite desta segunda-feira, 26, no interior do munic\u00edpio de Ametista do Sul. Conforme a Brigada Militar o acidente ocorreu na localidade de Linha Alta por volta das 22horas. A v\u00edtima conduzia uma motocicleta XLX 250, de trilha, sem placa e sem luz.<\/p>\n<div class=\"read-more-wrapper\"><a class=\"read-more\" href=\"https:\/\/www2.comunitaria.com.br\/en\/adolescente-morre-em-acidente-de-moto-no-interior-de-ametista-do-sul\/\" title=\"Read More\"> <span class=\"button\">Read More<\/span><\/a><\/div>","protected":false},"author":2,"featured_media":23979,"comment_status":"open","ping_status":"closed","sticky":false,"template":"","format":"standard","meta":{"ngg_post_thumbnail":0,"footnotes":""},"categories":[28,33,36,43],"tags":[96,234],"class_list":["post-23978","post","type-post","status-publish","format-standard","has-post-thumbnail","hentry","category-destaque","category-noticias","category-policia","category-regiao","tag-acidente","tag-ametista-do-sul"],"amp_enabled":true,"_links":{"self":[{"href":"https:\/\/www2.comunitaria.com.br\/en\/wp-json\/wp\/v2\/posts\/23978","targetHints":{"allow":["GET"]}}],"collection":[{"href":"https:\/\/www2.comunitaria.com.br\/en\/wp-json\/wp\/v2\/posts"}],"about":[{"href":"https:\/\/www2.comunitaria.com.br\/en\/wp-json\/wp\/v2\/types\/post"}],"author":[{"embeddable":true,"href":"https:\/\/www2.comunitaria.com.br\/en\/wp-json\/wp\/v2\/users\/2"}],"replies":[{"embeddable":true,"href":"https:\/\/www2.comunitaria.com.br\/en\/wp-json\/wp\/v2\/comments?post=23978"}],"version-history":[{"count":0,"href":"https:\/\/www2.comunitaria.com.br\/en\/wp-json\/wp\/v2\/posts\/23978\/revisions"}],"wp:featuredmedia":[{"embeddable":true,"href":"https:\/\/www2.comunitaria.com.br\/en\/wp-json\/wp\/v2\/media\/23979"}],"wp:attachment":[{"href":"https:\/\/www2.comunitaria.com.br\/en\/wp-json\/wp\/v2\/media?parent=23978"}],"wp:term":[{"taxonomy":"category","embeddable":true,"href":"https:\/\/www2.comunitaria.com.br\/en\/wp-json\/wp\/v2\/categories?post=23978"},{"taxonomy":"post_tag","embeddable":true,"href":"https:\/\/www2.comunitaria.com.br\/en\/wp-json\/wp\/v2\/tags?post=23978"}],"curies":[{"name":"wp","href":"https:\/\/api.w.org\/{rel}","templated":true}]}}