{"id":23876,"date":"2016-12-20T09:14:36","date_gmt":"2016-12-20T11:14:36","guid":{"rendered":"http:\/\/www2.comunitaria.com.br\/?p=23876"},"modified":"2016-12-20T09:22:53","modified_gmt":"2016-12-20T11:22:53","slug":"secretaria-municipal-da-saude-atendera-o-publico-apenas-a-tarde","status":"publish","type":"post","link":"https:\/\/www2.comunitaria.com.br\/en\/secretaria-municipal-da-saude-atendera-o-publico-apenas-a-tarde\/","title":{"rendered":"Secretaria Municipal da Sa\u00fade atender\u00e1 o p\u00fablico apenas \u00e0 tarde"},"content":{"rendered":"<p style=\"text-align: justify;\">A partir desta ter\u00e7a-feira, dia 20, a Secretaria Municipal da Sa\u00fade de Frederico Westphalen estar\u00e1 atendendo ao p\u00fablico apenas \u00e0 tarde, das 13h30 \u00e0s 17h. A medida ser\u00e1 implantada para a organiza\u00e7\u00e3o e finaliza\u00e7\u00e3o de fim de ano, sendo o per\u00edodo da manh\u00e3 utilizado para expediente interno.<\/p>\n<p style=\"text-align: justify;\">A Secretaria Municipal da Sa\u00fade fica localizada no Posto Central, entretanto os demais atendimentos do posto n\u00e3o sofrer\u00e3o altera\u00e7\u00f5es. O atendimento das Unidades B\u00e1sicas de Sa\u00fade segue normal no m\u00eas de dezembro, exceto nos dias 23 e 30 em que ser\u00e1 realizado o atendimento apenas no hor\u00e1rio da manh\u00e3, das 07h30 \u00e0s 13h.<\/p>\n<p style=\"text-align: justify;\"><em>ASCOM &#8211; Prefeitura Frederico Westphalen<\/em><\/p>","protected":false},"excerpt":{"rendered":"<p>A partir desta ter\u00e7a-feira, dia 20, a Secretaria Municipal da Sa\u00fade de Frederico Westphalen estar\u00e1 atendendo ao p\u00fablico apenas \u00e0 tarde, das 13h30 \u00e0s 17h. A medida ser\u00e1 implantada para a organiza\u00e7\u00e3o e finaliza\u00e7\u00e3o de fim de ano, sendo o per\u00edodo da manh\u00e3 utilizado para expediente interno. A Secretaria Municipal da Sa\u00fade fica localizada no<\/p>\n<div class=\"read-more-wrapper\"><a class=\"read-more\" href=\"https:\/\/www2.comunitaria.com.br\/en\/secretaria-municipal-da-saude-atendera-o-publico-apenas-a-tarde\/\" title=\"Read More\"> <span class=\"button\">Read More<\/span><\/a><\/div>","protected":false},"author":2,"featured_media":23878,"comment_status":"open","ping_status":"closed","sticky":false,"template":"","format":"standard","meta":{"ngg_post_thumbnail":0,"footnotes":""},"categories":[42,33,37],"tags":[1067,82,175,3348],"class_list":["post-23876","post","type-post","status-publish","format-standard","has-post-thumbnail","hentry","category-fred-west","category-noticias","category-saude","tag-atendimento","tag-frederico-westphalen","tag-saude-2","tag-secretaria-saude"],"amp_enabled":true,"_links":{"self":[{"href":"https:\/\/www2.comunitaria.com.br\/en\/wp-json\/wp\/v2\/posts\/23876","targetHints":{"allow":["GET"]}}],"collection":[{"href":"https:\/\/www2.comunitaria.com.br\/en\/wp-json\/wp\/v2\/posts"}],"about":[{"href":"https:\/\/www2.comunitaria.com.br\/en\/wp-json\/wp\/v2\/types\/post"}],"author":[{"embeddable":true,"href":"https:\/\/www2.comunitaria.com.br\/en\/wp-json\/wp\/v2\/users\/2"}],"replies":[{"embeddable":true,"href":"https:\/\/www2.comunitaria.com.br\/en\/wp-json\/wp\/v2\/comments?post=23876"}],"version-history":[{"count":0,"href":"https:\/\/www2.comunitaria.com.br\/en\/wp-json\/wp\/v2\/posts\/23876\/revisions"}],"wp:featuredmedia":[{"embeddable":true,"href":"https:\/\/www2.comunitaria.com.br\/en\/wp-json\/wp\/v2\/media\/23878"}],"wp:attachment":[{"href":"https:\/\/www2.comunitaria.com.br\/en\/wp-json\/wp\/v2\/media?parent=23876"}],"wp:term":[{"taxonomy":"category","embeddable":true,"href":"https:\/\/www2.comunitaria.com.br\/en\/wp-json\/wp\/v2\/categories?post=23876"},{"taxonomy":"post_tag","embeddable":true,"href":"https:\/\/www2.comunitaria.com.br\/en\/wp-json\/wp\/v2\/tags?post=23876"}],"curies":[{"name":"wp","href":"https:\/\/api.w.org\/{rel}","templated":true}]}}