{"id":23428,"date":"2016-11-30T08:54:38","date_gmt":"2016-11-30T10:54:38","guid":{"rendered":"http:\/\/www2.comunitaria.com.br\/?p=23428"},"modified":"2016-11-30T08:54:40","modified_gmt":"2016-11-30T10:54:40","slug":"acifw-firma-convenios-para-viabilizar-linhas-de-credito-para-associados","status":"publish","type":"post","link":"https:\/\/www2.comunitaria.com.br\/en\/acifw-firma-convenios-para-viabilizar-linhas-de-credito-para-associados\/","title":{"rendered":"ACI\/FW firma conv\u00eanios para viabilizar linhas de cr\u00e9dito para associados"},"content":{"rendered":"<p style=\"text-align: justify;\">O acesso ao cr\u00e9dito \u00e9 fundamental para a viabiliza\u00e7\u00e3o das empresas e a disponibilidade de linhas com juros mais acess\u00edveis tornam as empresas mais competitivas. <a href=\"http:\/\/www2.comunitaria.com.br\/en\/acifw-firma-convenios-para-viabilizar-linhas-de-credito-para-associados\/sicredi-4\/\" rel=\"attachment wp-att-23431\"><img loading=\"lazy\" decoding=\"async\" class=\"wp-image-23431 alignright\" src=\"http:\/\/www2.comunitaria.com.br\/wp-content\/uploads\/2016\/11\/SICREDI.jpg\" alt=\"sicredi\" width=\"252\" height=\"168\" srcset=\"https:\/\/www2.comunitaria.com.br\/wp-content\/uploads\/2016\/11\/SICREDI.jpg 4608w, https:\/\/www2.comunitaria.com.br\/wp-content\/uploads\/2016\/11\/SICREDI-300x200.jpg 300w, https:\/\/www2.comunitaria.com.br\/wp-content\/uploads\/2016\/11\/SICREDI-768x512.jpg 768w, https:\/\/www2.comunitaria.com.br\/wp-content\/uploads\/2016\/11\/SICREDI-1024x683.jpg 1024w\" sizes=\"auto, (max-width: 252px) 100vw, 252px\" \/><\/a>Ciente desta quest\u00e3o, a Associa\u00e7\u00e3o Comercial, Industrial e de Presta\u00e7\u00e3o de Servi\u00e7os de Frederico Westphalen\u00a0 (ACIFW) firmou dois conv\u00eanios na \u00faltima semana, facilitando as empresas associadas \u00e0 entidade o acesso a importantes produtos e servi\u00e7os de duas institui\u00e7\u00f5es. Com a cooperativa de cr\u00e9dito Sicredi foi formalizada a disponibilidade de uma linha de cr\u00e9dito com taxa de juros diferenciada de 1,69%, com prazo de at\u00e9 36 meses para pagar e limite de R$ 30 mil por CNPJ. O diretor M\u00e1rcio Girardi e os gerentes, da unidade Centro, Andr\u00e9 Zanon, e do Ipiranga, Loridane Zanatta, participaram da reuni\u00e3o da diretoria da ACI para formalizar o conv\u00eanio.<\/p>\n<p style=\"text-align: justify;\"><a href=\"http:\/\/www2.comunitaria.com.br\/en\/acifw-firma-convenios-para-viabilizar-linhas-de-credito-para-associados\/banrisul-3\/\" rel=\"attachment wp-att-23429\"><img loading=\"lazy\" decoding=\"async\" class=\"wp-image-23429 alignleft\" src=\"http:\/\/www2.comunitaria.com.br\/wp-content\/uploads\/2016\/11\/BANRISUL.jpg\" alt=\"banrisul\" width=\"263\" height=\"175\" srcset=\"https:\/\/www2.comunitaria.com.br\/wp-content\/uploads\/2016\/11\/BANRISUL.jpg 4608w, https:\/\/www2.comunitaria.com.br\/wp-content\/uploads\/2016\/11\/BANRISUL-300x200.jpg 300w, https:\/\/www2.comunitaria.com.br\/wp-content\/uploads\/2016\/11\/BANRISUL-768x512.jpg 768w, https:\/\/www2.comunitaria.com.br\/wp-content\/uploads\/2016\/11\/BANRISUL-1024x683.jpg 1024w\" sizes=\"auto, (max-width: 263px) 100vw, 263px\" \/><\/a>J\u00e1 com o Banrisul, o foco foi o conv\u00eanio com os cart\u00f5es, incluindo o Alimenta\u00e7\u00e3o e Refei\u00e7\u00e3o, Combust\u00edvel, entre outros. Na ocasi\u00e3o, estiveram presentes os diretores, Antonio Antunes, do Banrisul Cart\u00f5es, e Jo\u00e3o Luiz de Souza, Analista Banricard, Dari Scherer, Gerente Geral da Ag\u00eancia, Rozeli Bertoldo e Jonathan Hedlund Gerentes de neg\u00f3cios da ag\u00eancia Frederico Westphalen e a Assistente em Adquir\u00eancia e Banricard, Gilvana Schwingel. O conv\u00eanio com a ACIFW vai disponibilizar para os associados cinco novos cart\u00f5es. Os cart\u00f5es disponibilizados aos colaboradores das empresas que aderirem n\u00e3o possuem valores pr\u00e9-estabelecidos, que podem ser recarregados de acordo com o acerto da empresa com seus colaboradores.<\/p>\n<p style=\"text-align: justify;\">De acordo com a presidente Sim\u00f4nia Gon\u00e7alves de Oliveira, a ACIFW d\u00e1 um importante passo em benef\u00edcio dos seus associados, que poder\u00e3o ter o acesso \u00e0 linha de credito facilitado, a partir dos conv\u00eanios firmados. Ela lembrou tamb\u00e9m da redu\u00e7\u00e3o da burocracia, e que para acessar as linhas de cr\u00e9dito, j\u00e1 dispon\u00edveis, as empresas dever\u00e3o estar em dia com a mensalidade da ACIFW. Informa\u00e7\u00f5es poder\u00e3o ser obtidas diretamente nas unidades de atendimento da Sicredi em FW e da ag\u00eancia do Banrisul do munic\u00edpio. A equipe da ACI tamb\u00e9m est\u00e1 dispon\u00edvel para informa\u00e7\u00f5es b\u00e1sicas sobre os conv\u00eanios e para informa\u00e7\u00f5es de como associar-se a entidade, diretamente na sede ou pelo telefone 3744-4244. Confira outras informa\u00e7\u00f5es abaixo:<\/p>\n<p style=\"text-align: justify;\"><strong>Os conv\u00eanios<br \/>\n<\/strong><strong>SICREDI &#8211; Sistema de Cr\u00e9dito Cooperativo <\/strong><\/p>\n<p style=\"text-align: justify;\">O conv\u00eanio entre ACIFW e Sicredi disponibilizar\u00e1 aos associados da entidade linhas de cr\u00e9dito com limite de at\u00e9 30mil por CNPJ e pode ser adquirida at\u00e9 30 de abril de 2017. Para contratar o cr\u00e9dito, o associado deve atentar para os seguintes requisitos:<\/p>\n<ul style=\"text-align: justify;\">\n<li>Finalidade: livre destina\u00e7\u00e3o<\/li>\n<li>Limite financeiro: ate R$ 30.000,00 por CNPJ<\/li>\n<li>Prazo m\u00e1ximo: 36 meses<\/li>\n<li>Periodicidade: mensal ou trimestral<\/li>\n<li>Taxa pr\u00e9-fixa: 1,69 % a.m<\/li>\n<li>Neg\u00f3cios m\u00ednimos: Cheque empresarial, D\u00e9bito em conta, Cesta de relacionamento empresarial 03 e IBPJ\/Mobi habilitado<\/li>\n<li>Validade da linha: 17\/10\/2016 a 30\/04\/2017<\/li>\n<\/ul>\n<p style=\"text-align: justify;\"><strong>Banrisul<\/strong><strong> &#8211; Banco do Estado do\u00a0Rio Grande do\u00a0Sul\u00a0S\/A<br \/>\n<\/strong>Os cart\u00f5es s\u00e3o os seguintes:<\/p>\n<p style=\"text-align: justify;\">Alimenta\u00e7\u00e3o e Refei\u00e7\u00e3o: O objetivo \u00e9 a valoriza\u00e7\u00e3o do colaborador sem encargos sociais. Garante \u00e0 empresa dedu\u00e7\u00e3o de at\u00e9 4% do IR devido e proporciona mais qualidade de vida e produtividade.<\/p>\n<p style=\"text-align: justify;\">Combust\u00edvel: Controle total dos gastos com combust\u00edvel e reparos. Prazo de at\u00e9 51 dias para pagamento.<\/p>\n<p style=\"text-align: justify;\">Cultura: Dedu\u00e7\u00e3o de at\u00e9 1% do IR devido, sem incid\u00eancia de encargos sociais. \u00c9 vinculado ao Programa de Cultura do Trabalhador. Proporciona mais cultura e qualifica\u00e7\u00e3o para os colaboradores.<\/p>\n<p style=\"text-align: justify;\">Benef\u00edcio: Substitui vales e adiantamentos de sal\u00e1rio. Sem desencaixe imediato (p\u00f3s pago na data da folha).<\/p>\n<p style=\"text-align: justify;\">Presente: Recompensa pelo alcance de metas da equipe. Incentivo ao bom desempenho. A\u00e7\u00f5es promocionais com clientes.<\/p>\n<p style=\"text-align: justify;\"><em>Assessoria de Imprensa ACI\/FW<\/em><\/p>","protected":false},"excerpt":{"rendered":"<p>O acesso ao cr\u00e9dito \u00e9 fundamental para a viabiliza\u00e7\u00e3o das empresas e a disponibilidade de linhas com juros mais acess\u00edveis tornam as empresas mais competitivas. Ciente desta quest\u00e3o, a Associa\u00e7\u00e3o&#8230;<\/p>","protected":false},"author":2,"featured_media":23432,"comment_status":"open","ping_status":"closed","sticky":false,"template":"","format":"standard","meta":{"ngg_post_thumbnail":0,"footnotes":""},"categories":[39,42,33],"tags":[236,1400,384,82,3318],"class_list":["post-23428","post","type-post","status-publish","format-standard","has-post-thumbnail","hentry","category-economia","category-fred-west","category-noticias","tag-convenio","tag-credito","tag-economia-2","tag-frederico-westphalen","tag-linha-de-credito"],"amp_enabled":true,"_links":{"self":[{"href":"https:\/\/www2.comunitaria.com.br\/en\/wp-json\/wp\/v2\/posts\/23428","targetHints":{"allow":["GET"]}}],"collection":[{"href":"https:\/\/www2.comunitaria.com.br\/en\/wp-json\/wp\/v2\/posts"}],"about":[{"href":"https:\/\/www2.comunitaria.com.br\/en\/wp-json\/wp\/v2\/types\/post"}],"author":[{"embeddable":true,"href":"https:\/\/www2.comunitaria.com.br\/en\/wp-json\/wp\/v2\/users\/2"}],"replies":[{"embeddable":true,"href":"https:\/\/www2.comunitaria.com.br\/en\/wp-json\/wp\/v2\/comments?post=23428"}],"version-history":[{"count":0,"href":"https:\/\/www2.comunitaria.com.br\/en\/wp-json\/wp\/v2\/posts\/23428\/revisions"}],"wp:featuredmedia":[{"embeddable":true,"href":"https:\/\/www2.comunitaria.com.br\/en\/wp-json\/wp\/v2\/media\/23432"}],"wp:attachment":[{"href":"https:\/\/www2.comunitaria.com.br\/en\/wp-json\/wp\/v2\/media?parent=23428"}],"wp:term":[{"taxonomy":"category","embeddable":true,"href":"https:\/\/www2.comunitaria.com.br\/en\/wp-json\/wp\/v2\/categories?post=23428"},{"taxonomy":"post_tag","embeddable":true,"href":"https:\/\/www2.comunitaria.com.br\/en\/wp-json\/wp\/v2\/tags?post=23428"}],"curies":[{"name":"wp","href":"https:\/\/api.w.org\/{rel}","templated":true}]}}