{"id":23317,"date":"2016-11-25T09:18:57","date_gmt":"2016-11-25T11:18:57","guid":{"rendered":"http:\/\/www2.comunitaria.com.br\/?p=23317"},"modified":"2016-11-25T09:18:57","modified_gmt":"2016-11-25T11:18:57","slug":"prf-apreende-carne-em-porta-malas-de-veiculo-na-br-386-em-sarandi","status":"publish","type":"post","link":"https:\/\/www2.comunitaria.com.br\/en\/prf-apreende-carne-em-porta-malas-de-veiculo-na-br-386-em-sarandi\/","title":{"rendered":"PRF apreende carne em porta-malas de ve\u00edculo na BR 386 em Sarandi"},"content":{"rendered":"<p style=\"text-align: justify;\">A Pol\u00edcia Rodovi\u00e1ria Federal encontrou na manh\u00e3 desta quinta-feira, 24, durante policiamento de rotina na BR 386 em Sarandi, cerca de 120 Kg de carne su\u00edna sendo transportada em porta-malas de ve\u00edculo, sem qualquer refrigera\u00e7\u00e3o.<\/p>\n<p style=\"text-align: justify;\">Ap\u00f3s abordagem, o condutor informou que usaria a carne em seu restaurante, localizado em outra cidade.\u00a0Devido \u00e0s p\u00e9ssimas condi\u00e7\u00f5es de transporte, sem nenhuma refrigera\u00e7\u00e3o e cuidados com higiene, foi acionado o Departamento de Defesa Agropecu\u00e1ria que fez a apreens\u00e3o de tomou os demais procedimentos cab\u00edveis.<\/p>\n<p style=\"text-align: justify;\"><em>PRF<\/em><\/p>","protected":false},"excerpt":{"rendered":"<p>A Pol\u00edcia Rodovi\u00e1ria Federal encontrou na manh\u00e3 desta quinta-feira, 24, durante policiamento de rotina na BR 386 em Sarandi, cerca de 120 Kg de carne su\u00edna sendo transportada em porta-malas&#8230;<\/p>","protected":false},"author":2,"featured_media":23318,"comment_status":"open","ping_status":"closed","sticky":false,"template":"","format":"standard","meta":{"ngg_post_thumbnail":0,"footnotes":""},"categories":[33,36,43],"tags":[178,3313,177,86],"class_list":["post-23317","post","type-post","status-publish","format-standard","has-post-thumbnail","hentry","category-noticias","category-policia","category-regiao","tag-apreensao","tag-carne-clandestina","tag-policia-2","tag-regiao-2"],"amp_enabled":true,"_links":{"self":[{"href":"https:\/\/www2.comunitaria.com.br\/en\/wp-json\/wp\/v2\/posts\/23317","targetHints":{"allow":["GET"]}}],"collection":[{"href":"https:\/\/www2.comunitaria.com.br\/en\/wp-json\/wp\/v2\/posts"}],"about":[{"href":"https:\/\/www2.comunitaria.com.br\/en\/wp-json\/wp\/v2\/types\/post"}],"author":[{"embeddable":true,"href":"https:\/\/www2.comunitaria.com.br\/en\/wp-json\/wp\/v2\/users\/2"}],"replies":[{"embeddable":true,"href":"https:\/\/www2.comunitaria.com.br\/en\/wp-json\/wp\/v2\/comments?post=23317"}],"version-history":[{"count":0,"href":"https:\/\/www2.comunitaria.com.br\/en\/wp-json\/wp\/v2\/posts\/23317\/revisions"}],"wp:featuredmedia":[{"embeddable":true,"href":"https:\/\/www2.comunitaria.com.br\/en\/wp-json\/wp\/v2\/media\/23318"}],"wp:attachment":[{"href":"https:\/\/www2.comunitaria.com.br\/en\/wp-json\/wp\/v2\/media?parent=23317"}],"wp:term":[{"taxonomy":"category","embeddable":true,"href":"https:\/\/www2.comunitaria.com.br\/en\/wp-json\/wp\/v2\/categories?post=23317"},{"taxonomy":"post_tag","embeddable":true,"href":"https:\/\/www2.comunitaria.com.br\/en\/wp-json\/wp\/v2\/tags?post=23317"}],"curies":[{"name":"wp","href":"https:\/\/api.w.org\/{rel}","templated":true}]}}