{"id":23202,"date":"2016-11-17T14:09:03","date_gmt":"2016-11-17T16:09:03","guid":{"rendered":"http:\/\/www2.comunitaria.com.br\/?p=23202"},"modified":"2016-11-17T14:09:03","modified_gmt":"2016-11-17T16:09:03","slug":"urifw-promove-i-curso-de-vinhos","status":"publish","type":"post","link":"https:\/\/www2.comunitaria.com.br\/en\/urifw-promove-i-curso-de-vinhos\/","title":{"rendered":"URI\/FW promove I Curso de Vinhos"},"content":{"rendered":"<p style=\"text-align: justify;\">A URI\/FW atrav\u00e9s do curso de Tecnologia em Agropecu\u00e1ria, a P\u00f3s-Gradua\u00e7\u00e3o em Desenvolvimento Rural e Agricultura Familiar e a P\u00f3s-Gradua\u00e7\u00e3o em Sistemas de Produ\u00e7\u00e3o Agropecu\u00e1rios, promove neste m\u00eas de novembro a primeira edi\u00e7\u00e3o do Curso de Vinhos das Ci\u00eancias Agr\u00e1rias.<\/p>\n<p style=\"text-align: justify;\">O curso ser\u00e1 ministrado nos dias 25 e 26 com orienta\u00e7\u00f5es ministradas pelo professor Dr. Vagner Brasil Costa, no C\u00e2mpus I da Universidade. As inscri\u00e7\u00f5es podem ser feitas na Coordena\u00e7\u00e3o do curso Superior de Tecnologia em Agropecu\u00e1ria. Para esta edi\u00e7\u00e3o, est\u00e3o sendo oferecidas 25 vagas. O\u00a0investimento para participar das aulas \u00e9 de R$ 30. \u00a0Mais informa\u00e7\u00f5es pode ser obtidas pelo telefone (55) 3744-9255.<\/p>\n<p style=\"text-align: justify;\"><em>Assessoria URI\/FW<\/em><\/p>\n<p style=\"text-align: justify;\">","protected":false},"excerpt":{"rendered":"<p>A URI\/FW atrav\u00e9s do curso de Tecnologia em Agropecu\u00e1ria, a P\u00f3s-Gradua\u00e7\u00e3o em Desenvolvimento Rural e Agricultura Familiar e a P\u00f3s-Gradua\u00e7\u00e3o em Sistemas de Produ\u00e7\u00e3o Agropecu\u00e1rios, promove neste m\u00eas de novembro a primeira edi\u00e7\u00e3o do Curso de Vinhos das Ci\u00eancias Agr\u00e1rias. O curso ser\u00e1 ministrado nos dias 25 e 26 com orienta\u00e7\u00f5es ministradas pelo professor Dr.<\/p>\n<div class=\"read-more-wrapper\"><a class=\"read-more\" href=\"https:\/\/www2.comunitaria.com.br\/en\/urifw-promove-i-curso-de-vinhos\/\" title=\"Read More\"> <span class=\"button\">Read More<\/span><\/a><\/div>","protected":false},"author":2,"featured_media":23203,"comment_status":"open","ping_status":"closed","sticky":false,"template":"","format":"standard","meta":{"ngg_post_thumbnail":0,"footnotes":""},"categories":[44,42,33,45,35],"tags":[1407,1020,3302,413,479,2999],"class_list":["post-23202","post","type-post","status-publish","format-standard","has-post-thumbnail","hentry","category-educacao","category-fred-west","category-noticias","category-rural","category-variedades","tag-capacitacao","tag-curso","tag-curso-de-vinho","tag-educacao-2","tag-rural-2","tag-urifw"],"amp_enabled":true,"_links":{"self":[{"href":"https:\/\/www2.comunitaria.com.br\/en\/wp-json\/wp\/v2\/posts\/23202","targetHints":{"allow":["GET"]}}],"collection":[{"href":"https:\/\/www2.comunitaria.com.br\/en\/wp-json\/wp\/v2\/posts"}],"about":[{"href":"https:\/\/www2.comunitaria.com.br\/en\/wp-json\/wp\/v2\/types\/post"}],"author":[{"embeddable":true,"href":"https:\/\/www2.comunitaria.com.br\/en\/wp-json\/wp\/v2\/users\/2"}],"replies":[{"embeddable":true,"href":"https:\/\/www2.comunitaria.com.br\/en\/wp-json\/wp\/v2\/comments?post=23202"}],"version-history":[{"count":0,"href":"https:\/\/www2.comunitaria.com.br\/en\/wp-json\/wp\/v2\/posts\/23202\/revisions"}],"wp:featuredmedia":[{"embeddable":true,"href":"https:\/\/www2.comunitaria.com.br\/en\/wp-json\/wp\/v2\/media\/23203"}],"wp:attachment":[{"href":"https:\/\/www2.comunitaria.com.br\/en\/wp-json\/wp\/v2\/media?parent=23202"}],"wp:term":[{"taxonomy":"category","embeddable":true,"href":"https:\/\/www2.comunitaria.com.br\/en\/wp-json\/wp\/v2\/categories?post=23202"},{"taxonomy":"post_tag","embeddable":true,"href":"https:\/\/www2.comunitaria.com.br\/en\/wp-json\/wp\/v2\/tags?post=23202"}],"curies":[{"name":"wp","href":"https:\/\/api.w.org\/{rel}","templated":true}]}}